{"id":4520,"date":"2022-02-10T08:52:21","date_gmt":"2022-02-10T07:52:21","guid":{"rendered":"https:\/\/www.traum-ferienwohnungen.de\/vermieter-magazin\/?p=4520"},"modified":"2023-03-14T14:28:54","modified_gmt":"2023-03-14T13:28:54","slug":"ferienwohnung-optimal-einrichten","status":"publish","type":"post","link":"https:\/\/www.traum-ferienwohnungen.de\/vermieter-magazin\/ferienwohnung-optimal-einrichten\/","title":{"rendered":"Ferienwohnungen richtig einrichten &#8211; So gestalten Sie Ihre Unterkunft Schritt f\u00fcr Schritt"},"content":{"rendered":"\n<section class=\"wp-block-uagb-section uagb-section__wrap uagb-section__background-undefined uagb-block-bd2f3525\"><div class=\"uagb-section__overlay\"><\/div><div class=\"uagb-section__inner-wrap\">\n<p>Der Moment, wenn Ihre G\u00e4ste die T\u00fcr zur Ferienwohnung, zum Ferienhaus, zum Urlaubsapartment \u00f6ffnen, ist ein ganz besonderer: Voll Spannung wird das Urlaubsdomizil in Augenschein genommen. Erwartungsfroh schweifen die Blicke von links nach rechts. Neugierig wird ein Zimmer nach dem anderen begutachtet. Direkt der erste Eindruck z\u00e4hlt und entscheidet oft dar\u00fcber, ob Ihre G\u00e4ste denken: \u201eWow, Volltreffer! Alles ist so, wie ich es mir vorgestellt habe und wie es im Inserat aussah.\u201c<\/p>\n\n\n\n<p>Und dass Ihre G\u00e4ste <strong>bereits vom ersten Moment an \u00fcberw\u00e4ltigt<\/strong> sind, sich zur Buchung Ihrer Ferienimmobilie quasi selbst begl\u00fcckw\u00fcnschen, weil sie sich hier auf Anhieb wohlf\u00fchlen, ist keine Frage des Zufalls. Vielmehr liegt dieser Effekt sehr h\u00e4ufig an der richtigen Einrichtung, einer gekonnten Kombination von Farben, Stil, M\u00f6beln und Dekoration.<\/p>\n\n\n\n<p>Wir zeigen Ihnen in diesem Artikel, worauf Sie bei der Einrichtung Ihrer Ferienwohnung achten sollten, damit sich Ihre G\u00e4ste nicht nur willkommen f\u00fchlen, sondern auch direkt merken: <strong>Sie haben mit Liebe und Sorgfalt f\u00fcr den perfekten Urlaubsaufenthalt Ihrer G\u00e4ste gesorgt<\/strong>.<\/p>\n<\/div><\/section>\n\n\n\n<section class=\"wp-block-uagb-section uagb-section__wrap uagb-section__background-undefined uagb-block-90ff567f\"><div class=\"uagb-section__overlay\"><\/div><div class=\"uagb-section__inner-wrap\">\t\t\t\t<div class=\"wp-block-uagb-table-of-contents uagb-toc__align-left uagb-toc__columns-2 uagb-toc__collapse uagb-block-22d7041b \" \n\t\t\t\t\tdata-scroll= \"1\"\n\t\t\t\t\tdata-offset= \"30\"\n\t\t\t\t\tdata-delay= \"800\"\n\t\t\t\t>\n\t\t\t\t<div class=\"uagb-toc__wrap\">\n\t\t\t\t\t<div class=\"uagb-toc__title-wrap\">\n\t\t\t\t\t\t<div class=\"uagb-toc__title\">\n\t\t\t\t\t\t\tInhalt\t\t\t\t\t\t<\/div>\n\t\t\t\t\t\t\t\t\t\t\t\t\t<span class=\"uag-toc__collapsible-wrap\">\t\t\t<svg xmlns=\"https:\/\/www.w3.org\/2000\/svg\" viewBox= \"0 0 320 512\"><path d=\"M143 352.3L7 216.3c-9.4-9.4-9.4-24.6 0-33.9l22.6-22.6c9.4-9.4 24.6-9.4 33.9 0l96.4 96.4 96.4-96.4c9.4-9.4 24.6-9.4 33.9 0l22.6 22.6c9.4 9.4 9.4 24.6 0 33.9l-136 136c-9.2 9.4-24.4 9.4-33.8 0z\"><\/path><\/svg>\n\t\t\t<\/span>\n\t\t\t\t\t\t\t\t\t\t\t\t<\/div>\n\t\t\t\t\t\t\t\t\t\t<div class=\"uagb-toc__list-wrap\">\n\t\t\t\t\t\t<ol class=\"uagb-toc__list\"><li class=\"uagb-toc__list\"><a href=\"#warum-die-richtige-einrichtung-einer-ferienwohnung-so-wichtig-ist\">Warum die richtige Einrichtung einer Ferienwohnung so wichtig ist<\/a><li class=\"uagb-toc__list\"><a href=\"#schritt-1-berlegen-sie-wer-zur-idealen-zielgruppe-fr-ihre-ferienwohnung-zhlt\">Schritt 1: \u00dcberlegen Sie, wer zur idealen Zielgruppe f\u00fcr Ihre Ferienwohnung z\u00e4hlt<\/a><li class=\"uagb-toc__list\"><a href=\"#schritt-2-lassen-sie-sich-bei-der-einrichtungsplanung-inspirieren\">Schritt 2: Lassen Sie sich bei der Einrichtungsplanung inspirieren<\/a><li class=\"uagb-toc__list\"><a href=\"#schritt-3-whlen-sie-einen-stil-und-passende-farben\">Schritt 3: W\u00e4hlen Sie einen Stil und passende Farben<\/a><ul class=\"uagb-toc__list\"><li class=\"uagb-toc__list\"><a href=\"#1-warme-und-dezente-farben-fr-ihre-ferienwohnung\">#1 Warme und dezente Farben f\u00fcr Ihre Ferienwohnung<\/a><li class=\"uagb-toc__list\"><li class=\"uagb-toc__list\"><a href=\"#2-behalten-sie-den-geschmack-ihrer-wunschgste-im-blick\">#2 Behalten Sie den Geschmack Ihrer Wunschg\u00e4ste im Blick<\/a><li class=\"uagb-toc__list\"><li class=\"uagb-toc__list\"><a href=\"#3-planen-sie-langfristig\">#3 Planen Sie langfristig<\/a><li class=\"uagb-toc__list\"><li class=\"uagb-toc__list\"><a href=\"#4-stimmen-sie-bestehende-lieblingsmbel-mit-dem-farbkonzept-ab\">#4 Stimmen Sie bestehende Lieblingsm\u00f6bel mit dem Farbkonzept ab<\/a><\/li><\/ul><\/li><li class=\"uagb-toc__list\"><a href=\"#schritt-4-einrichtungs-planung-der-einzelnen-rume-der-ferienwohnung\">Schritt 4: Einrichtungs-Planung der einzelnen R\u00e4ume der Ferienwohnung<\/a><ul class=\"uagb-toc__list\"><li class=\"uagb-toc__list\"><a href=\"#richten-sie-rume-lieber-hell-als-dunkel-ein\">Richten Sie R\u00e4ume lieber hell als dunkel ein<\/a><li class=\"uagb-toc__list\"><li class=\"uagb-toc__list\"><a href=\"#setzen-sie-auf-schlichte-und-robuste-mbel\">Setzen Sie auf schlichte und robuste M\u00f6bel<\/a><li class=\"uagb-toc__list\"><li class=\"uagb-toc__list\"><a href=\"#planung-der-bden-fr-ihre-ferienwohnung-einrichtung\">Planung der B\u00f6den f\u00fcr Ihre Ferienwohnung-Einrichtung<\/a><li class=\"uagb-toc__list\"><li class=\"uagb-toc__list\"><a href=\"#an-was-sie-bei-der-einrichtung-denken-sollten\">An was sie bei der Einrichtung denken sollten<\/a><li class=\"uagb-toc__list\"><li class=\"uagb-toc__list\"><a href=\"#das-wohnzimmer-ihrer-ferienwohnung-einrichten\">Das Wohnzimmer Ihrer Ferienwohnung einrichten<\/a><li class=\"uagb-toc__list\"><li class=\"uagb-toc__list\"><a href=\"#das-schlafzimmer-fr-ihre-gste-einrichten\">Das Schlafzimmer f\u00fcr Ihre G\u00e4ste einrichten<\/a><li class=\"uagb-toc__list\"><li class=\"uagb-toc__list\"><a href=\"#ihr-badezimmer-fr-urlauber-gestalten\">Ihr Badezimmer f\u00fcr Urlauber gestalten<\/a><li class=\"uagb-toc__list\"><li class=\"uagb-toc__list\"><a href=\"#worauf-achten-bei-der-einrichtung-der-kche\">Worauf achten bei der Einrichtung der K\u00fcche<\/a><li class=\"uagb-toc__list\"><li class=\"uagb-toc__list\"><a href=\"#flur-und-eingangsbereich-einrichten\">Flur und Eingangsbereich einrichten<\/a><\/li><\/ul><\/li><\/ul><\/li><li class=\"uagb-toc__list\"><a href=\"#schritt-5-investieren-sie-in-gute-mbel\">Schritt 5: Investieren Sie in gute M\u00f6bel<\/a><li class=\"uagb-toc__list\"><a href=\"#schritt-6-gestalten-sie-den-auenbereich-einladend\">Schritt 6: Gestalten Sie den Au\u00dfenbereich einladend<\/a><li class=\"uagb-toc__list\"><a href=\"#schritt-7-verleihen-sie-der-einrichtung-mit-der-richtigen-deko-den-letzten-schliff\">Schritt 7: Verleihen Sie der Einrichtung mit der richtigen Deko den letzten Schliff<\/a><li class=\"uagb-toc__list\"><a href=\"#lassen-sich-die-kosten-fr-die-einrichtung-von-der-steuer-absetzen\">Lassen sich die Kosten f\u00fcr die Einrichtung von der Steuer absetzen?<\/a><li class=\"uagb-toc__list\"><a href=\"#holen-sie-sich-untersttzung-von-einrichtungs-experten\">Holen Sie sich Unterst\u00fctzung von Einrichtungs-Experten<\/a><li class=\"uagb-toc__list\"><a href=\"#starten-sie-mit-ihrem-konzept-fr-eine-einmalige-einrichtung-ihrer-ferienwohnung\">Starten Sie mit Ihrem Konzept f\u00fcr eine einmalige Einrichtung Ihrer Ferienwohnung<\/a><li class=\"uagb-toc__list\"><a href=\"#download-5-tipps-fr-ihre-einrichtung\">Download: 5 Tipps f\u00fcr Ihre Einrichtung<\/a><li class=\"uagb-toc__list\"><a href=\"#diese-artikel-knnten-sie-auch-interessieren\">Diese Artikel k\u00f6nnten Sie auch interessieren:<\/a><\/li><\/ul><\/li><\/ul><\/ol>\t\t\t\t\t<\/div>\n\t\t\t\t\t\t\t\t\t<\/div>\n\t\t\t\t<\/div>\n\t\t\t<\/div><\/section>\n\n\n\n<section class=\"wp-block-uagb-section uagb-section__wrap uagb-section__background-undefined uagb-block-5ac47b5a\"><div class=\"uagb-section__overlay\"><\/div><div class=\"uagb-section__inner-wrap\">\n<div class=\"wp-block-uagb-advanced-heading uagb-block-2f50462d\"><h2 class=\"uagb-heading-text\">Warum die richtige Einrichtung einer Ferienwohnung so wichtig ist<\/h2><div class=\"uagb-separator-wrap\"><div class=\"uagb-separator\"><\/div><\/div><p class=\"uagb-desc-text\"><\/p><\/div>\n\n\n\n<p>Bevor wir in die entscheidenden Schritte f\u00fcr die Erstellung der richtigen Einrichtung eintauchen, m\u00f6chten wir noch einmal betonen: Eine durchdachte und in sich stimmige Einrichtung tr\u00e4gt neben der Lage ma\u00dfgeblich dazu bei, dass sich Ihre Ferienwohnung gut vermietet und Sie treue Stammg\u00e4ste haben.<\/p>\n\n\n\n<p>Denn vergessen Sie nicht, dass ein Urlaub \u2013 ganz besonders der Jahresurlaub \u2013 f\u00fcr viele Urlauber als Highlight empfunden wird. Oftmals dient er auch als Belohnung f\u00fcr vorab Geleistetes \u2013 beispielsweise im Job. Damit Ihre Ferienwohnung zu dieser Belohnung wird, dieses besondere Erlebnis unterst\u00fctzt, <strong>sollte die Ferienunterkunft begeistern<\/strong>. Auf jeden Fall sollte Sie Ihre Wertsch\u00e4tzung Ihren G\u00e4sten gegen\u00fcber ausstrahlen.<\/p>\n\n\n\n<p>K\u00f6nnen Sie diesen Effekt mit Ihrer Einrichtung schaffen, leisten Sie einen ganz wesentlichen Beitrag dazu, dass<\/p>\n\n\n\n<ul><li>Ihre G\u00e4ste einen Traumurlaub erleben,<\/li><li>zu Stammg\u00e4sten werden und<\/li><li>Ihre Ferienwohnung weiterempfehlen.<\/li><\/ul>\n\n\n\n<p><strong>Bewusst gew\u00e4hlte M\u00f6bel, Dekoration und eine angenehme Gesamtkomposition<\/strong>, die den einzelnen R\u00e4umen eine besondere Atmosph\u00e4re verleiht, sind hierzu der Schl\u00fcssel.<\/p>\n\n\n\n<p>Schauen wir uns in den n\u00e4chsten Schritten an, wie Sie diese Traum-Einrichtung gestalten.<\/p>\n<\/div><\/section>\n\n\n\n<section class=\"wp-block-uagb-section uagb-section__wrap uagb-section__background-undefined uagb-block-77a22906\"><div class=\"uagb-section__overlay\"><\/div><div class=\"uagb-section__inner-wrap\">\n<section class=\"wp-block-uagb-columns uagb-columns__wrap uagb-columns__background-undefined uagb-columns__stack-mobile uagb-columns__valign-undefined uagb-columns__gap-10 alignundefined uagb-block-e07ea374\"><div class=\"uagb-columns__overlay\"><\/div><div class=\"uagb-columns__inner-wrap uagb-columns__columns-2\">\n<div class=\"wp-block-uagb-column uagb-column__wrap uagb-column__background-undefined uagb-block-2cd92a41\"><div class=\"uagb-column__overlay\"><\/div><div class=\"uagb-column__inner-wrap\">\n<div class=\"wp-block-uagb-advanced-heading uagb-block-5cab2554\"><h2 class=\"uagb-heading-text\">Schritt 1: \u00dcberlegen Sie, wer zur idealen Zielgruppe f\u00fcr Ihre Ferienwohnung z\u00e4hlt<\/h2><div class=\"uagb-separator-wrap\"><div class=\"uagb-separator\"><\/div><\/div><p class=\"uagb-desc-text\"><\/p><\/div>\n\n\n\n<p>Die erste und wichtigste Voraussetzung f\u00fcr eine gelungene Ferienwohnung-Einrichtung ist, dass Sie nichts dem Zufall \u00fcberlassen, sondern <strong>mit einem Konzept vorgehen<\/strong>. Und die erste entscheidende Frage hierf\u00fcr ist: Wer ist mein idealer Gast? An wen m\u00f6chte ich vermieten? Wer soll sich rundum wohlf\u00fchlen in dem Ferienhaus?<\/p>\n\n\n\n<ul><li>W\u00fcnschen Sie sich Familien mit Kindern als G\u00e4ste?<\/li><li>Sollen vorwiegend Paare bei Ihnen wohnen? Vielleicht Senioren? Vielleicht mit Hund?<\/li><li>Wollen Sie an Kleingruppen vermieten?<\/li><li>Sind Ihre G\u00e4ste sportlich und Aktivurlauber oder eher gem\u00fctlich unterwegs?<\/li><\/ul>\n<\/div><\/div>\n\n\n\n<div class=\"wp-block-uagb-column uagb-column__wrap uagb-column__background-undefined uagb-block-5db29bbf\"><div class=\"uagb-column__overlay\"><\/div><div class=\"uagb-column__inner-wrap\">\n<figure class=\"wp-block-image size-full\"><img loading=\"lazy\" width=\"600\" height=\"400\" src=\"https:\/\/www.traum-ferienwohnungen.de\/vermieter-magazin\/wp-content\/uploads\/2021\/11\/persoenlicher-kontakt-gaeste-ferienwohnung.jpg\" alt=\"\u00c4ltere Frau \u00fcbergibt Wohnungsschl\u00fcssel an j\u00fcngere Frau mit Rucksack\" class=\"wp-image-3546\" srcset=\"https:\/\/www.traum-ferienwohnungen.de\/vermieter-magazin\/wp-content\/uploads\/2021\/11\/persoenlicher-kontakt-gaeste-ferienwohnung.jpg 600w, https:\/\/www.traum-ferienwohnungen.de\/vermieter-magazin\/wp-content\/uploads\/2021\/11\/persoenlicher-kontakt-gaeste-ferienwohnung-300x200.jpg 300w\" sizes=\"(max-width: 600px) 100vw, 600px\" \/><\/figure>\n<\/div><\/div>\n<\/div><\/section>\n\n\n\n<p>Wen auch immer Sie am liebsten begr\u00fc\u00dfen m\u00f6chten,<strong> jede Zielgruppe hat ganz spezielle Bed\u00fcrfnisse und Anspr\u00fcche<\/strong> an eine Ferienunterkunft. Familien mit Kindern legen in der Regel viel Wert auf kindgerechte Extra-Einrichtungen wie einen Kinderhochstuhl, ein Babybett, M\u00f6bel ohne scharfe Kanten und Steckdosensicherheit. Auch einfach zu reinigende Oberfl\u00e4chen d\u00fcrften f\u00fcr Familien mit Kleinkindern von Interesse sein.<\/p>\n\n\n\n<p>Sportler, die ihre eigenen Mountainbikes oder Surfbretter mitbringen, werden vermutlich einen abschlie\u00dfbaren Schuppen im Au\u00dfenbereich begr\u00fc\u00dfen. Hundebesitzer freuen sich \u00fcber einen Garten, wom\u00f6glich auch \u00fcber eine Nische f\u00fcrs Hundek\u00f6rbchen und den Fressnapf.<\/p>\n\n\n\n<p>Diese W\u00fcnsche, Eigenschaften und Erwartungen Ihrer G\u00e4ste sollten <strong>in Ihr Einrichtungskonzept einflie\u00dfen<\/strong>, damit der Urlaub zum Traumurlaub werden kann. Wenn Sie jetzt denken: \u201eEigentlich m\u00f6chte ich f\u00fcr eine maximale Auslastung jeden Urlauber willkommen hei\u00dfen\u201c, dann m\u00f6chten wir Ihnen mitgeben:<\/p>\n\n\n\n<section class=\"wp-block-uagb-columns uagb-columns__wrap uagb-columns__background-color uagb-columns__stack-mobile uagb-columns__valign-undefined uagb-columns__gap-10 alignundefined uagb-block-deed53a0\"><div class=\"uagb-columns__overlay\"><\/div><div class=\"uagb-columns__inner-wrap uagb-columns__columns-1\">\n<div class=\"wp-block-uagb-column uagb-column__wrap uagb-column__background-undefined uagb-block-eb7f2905\"><div class=\"uagb-column__overlay\"><\/div><div class=\"uagb-column__inner-wrap\">\n<p class=\"has-tfw-white-color has-text-color\">Wenn Sie Ihre Ferienwohnung quasi f\u00fcr jeden einrichten, werden sich am Ende nur wenige G\u00e4ste wirklich angesprochen f\u00fchlen. Hinzu kommt, dass es Ihnen sehr viel leichter fallen wird, die richtigen M\u00f6bel, Farben, Materialien und Einrichtungsaccessoires auszuw\u00e4hlen, wenn Sie Ihre Wunschg\u00e4ste vor Augen haben.<\/p>\n<\/div><\/div>\n<\/div><\/section>\n\n\n\n<p>Ist die Zielgruppe schlie\u00dflich definiert, \u00fcberlegen Sie: <strong>F\u00fcr wie viele Personen<\/strong> sollen die Innen- und Au\u00dfen-R\u00e4ume ausgelegt sein? Das ist relevant f\u00fcr die M\u00f6belwahl und Ausstattung der einzelnen Zimmer, der Sitz-, Sonnen- und Essgelegenheiten.<\/p>\n<\/div><\/section>\n\n\n\n<section class=\"wp-block-uagb-section uagb-section__wrap uagb-section__background-undefined uagb-block-9a656822\"><div class=\"uagb-section__overlay\"><\/div><div class=\"uagb-section__inner-wrap\">\n<section class=\"wp-block-uagb-columns uagb-columns__wrap uagb-columns__background-undefined uagb-columns__stack-mobile uagb-columns__valign-undefined uagb-columns__gap-10 alignundefined uagb-block-d682c2c8\"><div class=\"uagb-columns__overlay\"><\/div><div class=\"uagb-columns__inner-wrap uagb-columns__columns-2\">\n<div class=\"wp-block-uagb-column uagb-column__wrap uagb-column__background-undefined uagb-block-20f90ab8\"><div class=\"uagb-column__overlay\"><\/div><div class=\"uagb-column__inner-wrap\">\n<figure class=\"wp-block-image size-full\"><img loading=\"lazy\" width=\"600\" height=\"400\" src=\"https:\/\/www.traum-ferienwohnungen.de\/vermieter-magazin\/wp-content\/uploads\/2022\/02\/auswahl-einrichtungsstil-farben.jpg\" alt=\"Laptop mit Einrichtungs-Katalogen auf einem Tisch\" class=\"wp-image-4542\" srcset=\"https:\/\/www.traum-ferienwohnungen.de\/vermieter-magazin\/wp-content\/uploads\/2022\/02\/auswahl-einrichtungsstil-farben.jpg 600w, https:\/\/www.traum-ferienwohnungen.de\/vermieter-magazin\/wp-content\/uploads\/2022\/02\/auswahl-einrichtungsstil-farben-300x200.jpg 300w\" sizes=\"(max-width: 600px) 100vw, 600px\" \/><\/figure>\n<\/div><\/div>\n\n\n\n<div class=\"wp-block-uagb-column uagb-column__wrap uagb-column__background-undefined uagb-block-7fa4f85d\"><div class=\"uagb-column__overlay\"><\/div><div class=\"uagb-column__inner-wrap\">\n<div class=\"wp-block-uagb-advanced-heading uagb-block-2b14c6b3\"><h2 class=\"uagb-heading-text\">Schritt 2: Lassen Sie sich bei der Einrichtungsplanung inspirieren<\/h2><div class=\"uagb-separator-wrap\"><div class=\"uagb-separator\"><\/div><\/div><p class=\"uagb-desc-text\"><\/p><\/div>\n\n\n\n<p>Haben Sie Ihr Konzept im Kopf oder besser noch schriftlich skizziert, holen Sie sich noch vor dem Kauf des ersten Farbeimers und M\u00f6belst\u00fccks Inspiration.<\/p>\n\n\n\n<ul><li>Durchst\u00f6bern Sie dazu <strong>Kataloge von M\u00f6belh\u00e4usern<\/strong>.<\/li><li>Besuchen Sie <strong>Einrichtungsportale<\/strong> und achten Sie darauf, wie zum Verkauf stehende M\u00f6bel und Accessoires kombiniert und pr\u00e4sentiert werden.<\/li><li>\u00dcberlegen Sie, <strong>welche Einrichtung Sie selbst sich w\u00fcnschen w\u00fcrden<\/strong>, wie Ihre Traum-Ferienwohnung idealerweise eingerichtet w\u00e4re.<\/li><li>Klicken Sie sich durch die <strong>visuelle Suchmaschine <a href=\"https:\/\/www.pinterest.de\" target=\"_blank\" rel=\"noreferrer noopener\">Pinterest<\/a> <\/strong>und geben Sie hier Suchbegriffe wie \u201eEinrichtung Ferienwohnung\u201c, \u201eSitzecke Ferienwohnung\u201c oder beispielsweise auch \u201emaritimer Look Ferienhaus\u201c ein. Sammeln Sie die Ergebnisse, die Ihnen zusagen als Ihren pers\u00f6nlichen Inspirations-Pool in einer eigenen Pinnwand, die Sie sich immer wieder ansehen k\u00f6nnen.<\/li><li>Schauen Sie nach Architektur-, Design und <strong>Inneneinrichtungsprofilen auf <a href=\"https:\/\/www.instagram.com\/\" target=\"_blank\" rel=\"noreferrer noopener\">Instagram<\/a><\/strong> und lassen Sie sich von Posts zu Farbwahl, Gestaltungsideen und Dekoration inspirieren.<\/li><\/ul>\n\n\n\n<p>Haben Sie nun eine genauere Idee, welche Einrichtung Ihnen (und Ihren G\u00e4sten) f\u00fcr Ihre Ferienwohnung gefallen k\u00f6nnte, darf es einen Schritt weiter gehen.<\/p>\n<\/div><\/div>\n<\/div><\/section>\n\n\n\n<section class=\"wp-block-uagb-columns uagb-columns__wrap uagb-columns__background-color uagb-columns__stack-mobile uagb-columns__valign-undefined uagb-columns__gap-10 alignundefined uagb-block-43de06f6\"><div class=\"uagb-columns__overlay\"><\/div><div class=\"uagb-columns__inner-wrap uagb-columns__columns-1\">\n<div class=\"wp-block-uagb-column uagb-column__wrap uagb-column__background-undefined uagb-block-b15ed804\"><div class=\"uagb-column__overlay\"><\/div><div class=\"uagb-column__inner-wrap\">\n<div class=\"wp-block-uagb-advanced-heading uagb-block-65bfe37d\"><h4 class=\"uagb-heading-text\">Wussten Sie schon?<\/h4><div class=\"uagb-separator-wrap\"><div class=\"uagb-separator\"><\/div><\/div><p class=\"uagb-desc-text\"><\/p><\/div>\n\n\n\n<p>Als unser Kunde profitieren Sie von der Traum-Plaza, dem Onlineshop f\u00fcr Vermieter von Ferienunterk\u00fcnften. Neben vielen tollen Angeboten erwarten Sie hier auch vorgefertigte Looks, die Sie direkt mit nur einem Klick shoppen k\u00f6nnen und eine individuelle Einrichtungsberatung. Damit wird das Einrichten Ihrer Ferienunterkunft zum Kinderspiel.<\/p>\n\n\n\n<div class=\"wp-block-uagb-buttons uagb-buttons__outer-wrap uagb-block-e411bca9\"><div class=\"uagb-buttons__wrap uagb-buttons-layout-wrap\">\n<div class=\"wp-block-uagb-buttons-child uagb-buttons__outer-wrap uagb-block-bb6cb90a\"><div class=\"uagb-button__wrapper\"><a class=\"uagb-buttons-repeater\" href=\"https:\/\/www.traum-ferienwohnungen.de\/vermieter-magazin\/news-traum-plaza\/\" rel=\"noopener noreferrer\" target=\"_blank\"><div class=\"uagb-button__link\">Mehr zur Traum-Plaza erfahren<\/div><\/a><\/div><\/div>\n<\/div><\/div>\n<\/div><\/div>\n<\/div><\/section>\n<\/div><\/section>\n\n\n\n<section class=\"wp-block-uagb-section uagb-section__wrap uagb-section__background-undefined uagb-block-2d102205\"><div class=\"uagb-section__overlay\"><\/div><div class=\"uagb-section__inner-wrap\">\n<section class=\"wp-block-uagb-columns uagb-columns__wrap uagb-columns__background-undefined uagb-columns__stack-mobile uagb-columns__valign-undefined uagb-columns__gap-10 alignundefined uagb-block-6d52c076\"><div class=\"uagb-columns__overlay\"><\/div><div class=\"uagb-columns__inner-wrap uagb-columns__columns-2\">\n<div class=\"wp-block-uagb-column uagb-column__wrap uagb-column__background-undefined uagb-block-2240dd13\"><div class=\"uagb-column__overlay\"><\/div><div class=\"uagb-column__inner-wrap\">\n<div class=\"wp-block-uagb-advanced-heading uagb-block-a4f67736\"><h2 class=\"uagb-heading-text\">Schritt 3: W\u00e4hlen Sie einen Stil und passende Farben<\/h2><div class=\"uagb-separator-wrap\"><div class=\"uagb-separator\"><\/div><\/div><p class=\"uagb-desc-text\"><\/p><\/div>\n\n\n\n<p>Modern oder gem\u00fctlich und traditionell? Industrial oder Scandinavian Chic? Besonders hochwertig mit ausgew\u00e4hlten Design-Klassikern oder praktisch und tendenziell rustikal? Darf es in eine dieser Richtungen gehen?<\/p>\n\n\n\n<p>Vielleicht ist es f\u00fcr Sie auch stimmig, die <strong>Einrichtung Ihrer Ferienwohnung mit der Region und Lage abzustimmen<\/strong>. So k\u00f6nnte f\u00fcr Ihre an der Ostsee liegende Ferienwohnung ein wenig maritimes Flair passend sein mit Muschelmotiven, Seesternen als Deko-Elemente und mit Akzenten in frischen Blaut\u00f6nen. F\u00fcr das Chalet in den Alpen hingegen w\u00e4re ggf. eine rustikale Einrichtung die richtige: mit gem\u00fctlicher Sitzecke aus Holz, vert\u00e4felten W\u00e4nden, rot-wei\u00df-karierten Bettbez\u00fcgen und Steingut-Vasen als Dekoration?<\/p>\n<\/div><\/div>\n\n\n\n<div class=\"wp-block-uagb-column uagb-column__wrap uagb-column__background-undefined uagb-block-8191788c\"><div class=\"uagb-column__overlay\"><\/div><div class=\"uagb-column__inner-wrap\">\n<figure class=\"wp-block-image size-full\"><img loading=\"lazy\" width=\"600\" height=\"400\" src=\"https:\/\/www.traum-ferienwohnungen.de\/vermieter-magazin\/wp-content\/uploads\/2022\/02\/auswahl-farben-einrichtung.jpg\" alt=\"Junge Frau, die eine Farbpalette an die Wand h\u00e4lt\" class=\"wp-image-4543\" srcset=\"https:\/\/www.traum-ferienwohnungen.de\/vermieter-magazin\/wp-content\/uploads\/2022\/02\/auswahl-farben-einrichtung.jpg 600w, https:\/\/www.traum-ferienwohnungen.de\/vermieter-magazin\/wp-content\/uploads\/2022\/02\/auswahl-farben-einrichtung-300x200.jpg 300w\" sizes=\"(max-width: 600px) 100vw, 600px\" \/><\/figure>\n<\/div><\/div>\n<\/div><\/section>\n\n\n\n<p>Haben Sie Ihren Wohnstil gefunden, k\u00f6nnen Sie <strong>leichter die ad\u00e4quaten M\u00f6bel und passenden Accessoires finden<\/strong>, die durch das durchdachte Gesamtkonzept stimmig wirken werden und Ihren G\u00e4sten eine wunderbare Urlaubsatmosph\u00e4re verschaffen.<\/p>\n\n\n\n<p>Sie werden es vermutlich schon bei Schritt 2 und dem Sammeln von Inspirationen und der Wahl eines Stiles bemerkt haben: Zu bestimmten Gestaltungskonzepten passen auch bestimmte Farben. Der Erfolg eines Stils bedingt sich auch dadurch, dass die Farben von W\u00e4nden, M\u00f6beln und Accessoires aufeinander abgestimmt sind. Und dass jedes Farbkonzept eine ganz unterschiedliche Wirkung auf die Bewohner haben kann.<\/p>\n\n\n\n<section class=\"wp-block-uagb-columns uagb-columns__wrap uagb-columns__background-color uagb-columns__stack-mobile uagb-columns__valign-undefined uagb-columns__gap-10 alignundefined uagb-block-ccb3ace7\"><div class=\"uagb-columns__overlay\"><\/div><div class=\"uagb-columns__inner-wrap uagb-columns__columns-1\">\n<div class=\"wp-block-uagb-column uagb-column__wrap uagb-column__background-undefined uagb-block-466d9a0e\"><div class=\"uagb-column__overlay\"><\/div><div class=\"uagb-column__inner-wrap\">\n<p class=\"has-tfw-white-color has-text-color\"><strong>Unser Tipp<\/strong>: Bei der Wahl der Farben f\u00fcr Ihr Einrichtungskonzept empfiehlt es sich, zun\u00e4chst an die Wandfarbe und die Farben f\u00fcr die B\u00f6den zu denken. Darauf aufbauend lassen sich dann farblich abgestimmt die richtigen M\u00f6bel w\u00e4hlen.<\/p>\n<\/div><\/div>\n<\/div><\/section>\n\n\n\n<p>Wir m\u00f6chten Ihnen nun noch vier Tipps f\u00fcr die Wahl der Farben Ihrer Einrichtung geben.<\/p>\n<\/div><\/section>\n\n\n\n<section class=\"wp-block-uagb-section uagb-section__wrap uagb-section__background-undefined uagb-block-af691bd1\"><div class=\"uagb-section__overlay\"><\/div><div class=\"uagb-section__inner-wrap\">\n<div class=\"wp-block-uagb-advanced-heading uagb-block-85497c97\"><h3 class=\"uagb-heading-text\">#1 Warme und dezente Farben f\u00fcr Ihre Ferienwohnung<\/h3><div class=\"uagb-separator-wrap\"><div class=\"uagb-separator\"><\/div><\/div><p class=\"uagb-desc-text\"><\/p><\/div>\n\n\n\n<p>Ganz grunds\u00e4tzlich gilt f\u00fcr Farben in Innenr\u00e4umen: Warme und dezente Farbt\u00f6ne wie ein mildes Lindgr\u00fcn oder neutrale Beiget\u00f6ne legen die Basis f\u00fcr einen <strong>harmonischen Gesamteindruck<\/strong>. Helle T\u00f6ne in Nude- und Pastellfarben schaffen einen eher modernen Einrichtungs-Look. Starke Wandfarben wie ein kr\u00e4ftiges Tannengr\u00fcn zum Beispiel an einzelnen W\u00e4nden k\u00f6nnen zu bleibenden Eindr\u00fccken mit Alleinstellungsmerkmal f\u00fchren \u2013 sind aber nicht jedermanns Sache und k\u00f6nnen auch erdr\u00fcckend wirken.<\/p>\n\n\n\n<p><meta charset=\"utf-8\">Achten Sie bei der Farbwahl gern auch auf deren Bedeutung. <\/p>\n\n\n\n<section class=\"wp-block-uagb-columns uagb-columns__wrap uagb-columns__background-undefined uagb-columns__stack-mobile uagb-columns__valign-undefined uagb-columns__gap-10 alignundefined uagb-block-13ed3f36\"><div class=\"uagb-columns__overlay\"><\/div><div class=\"uagb-columns__inner-wrap uagb-columns__columns-1\">\n<div class=\"wp-block-uagb-column uagb-column__wrap uagb-column__background-undefined uagb-block-75d60bc0\"><div class=\"uagb-column__overlay\"><\/div><div class=\"uagb-column__inner-wrap\">\n<p>So wirkt <strong>Blau<\/strong> mitunter stressl\u00f6send und k\u00f6nnte sich somit beispielsweise f\u00fcr die Schlafzimmer-Einrichtung eignen. Blau wird zudem mit Ruhe und Konzentration assoziiert, steht f\u00fcr Vertrauen, Kompetenz und Best\u00e4ndigkeit. Als Farbe des Elementes Wassers spricht man ihr auch Tiefe, K\u00e4lte und Klarheit zu.<\/p>\n\n\n\n<p><strong>Gr\u00fcn<\/strong> strahlt Nat\u00fcrlichkeit und Jugend aus. Auch steht Gr\u00fcn f\u00fcr Erneuerung, Frieden und Hoffnung. Auf die Psyche wirken gr\u00fcne T\u00f6ne entsprechend beruhigend, ausgleichend und erholsam.<\/p>\n\n\n\n<p><strong>Gelb<\/strong> ist anregend, heiter und wird mit Licht und Helligkeit in Verbindung gebracht. Gelb gilt auch als kommunikativste aller Farben. Die Psychologie weist ihr eine belebende Wirkung zu.<\/p>\n\n\n\n<p><strong>Rot <\/strong>wiederum versinnbildlicht Energie, Liebe, Feuer, Kraft und Sinnlichkeit. Als sehr intensiver Farbton kann er aggressiv empfunden werden. Rot steht auch f\u00fcr Energie und Lebendigkeit und wirkt stimulierend und belebend.<\/p>\n<\/div><\/div>\n<\/div><\/section>\n\n\n\n<p><\/p>\n<\/div><\/section>\n\n\n\n<section class=\"wp-block-uagb-section uagb-section__wrap uagb-section__background-undefined uagb-block-fad6598d\"><div class=\"uagb-section__overlay\"><\/div><div class=\"uagb-section__inner-wrap\">\n<section class=\"wp-block-uagb-columns uagb-columns__wrap uagb-columns__background-undefined uagb-columns__stack-mobile uagb-columns__valign-undefined uagb-columns__gap-10 alignundefined uagb-block-1f3efacf\"><div class=\"uagb-columns__overlay\"><\/div><div class=\"uagb-columns__inner-wrap uagb-columns__columns-2\">\n<div class=\"wp-block-uagb-column uagb-column__wrap uagb-column__background-undefined uagb-block-5e1d1ec7\"><div class=\"uagb-column__overlay\"><\/div><div class=\"uagb-column__inner-wrap\">\n<div class=\"wp-block-uagb-advanced-heading uagb-block-21f9a33c\"><h3 class=\"uagb-heading-text\">#2 Behalten Sie den Geschmack Ihrer Wunschg\u00e4ste im Blick<\/h3><div class=\"uagb-separator-wrap\"><div class=\"uagb-separator\"><\/div><\/div><p class=\"uagb-desc-text\"><\/p><\/div>\n\n\n\n<p>F\u00fcr welches Farbkonzept Sie sich auch entscheiden, bedenken Sie vor allem: Die <strong>Einrichtung muss Ihren G\u00e4sten gefallen<\/strong> \u2013 und zwar m\u00f6glichst vielen. So sind ein grelles Blau und frisches Gelb vielleicht einmal Trend, aber nicht unbedingt nach Geschmack Ihrer Zielgruppe. Und nicht alle Urlauber m\u00f6gen es qietschbunt.<\/p>\n<\/div><\/div>\n\n\n\n<div class=\"wp-block-uagb-column uagb-column__wrap uagb-column__background-undefined uagb-block-1369685c\"><div class=\"uagb-column__overlay\"><\/div><div class=\"uagb-column__inner-wrap\">\n<div class=\"wp-block-uagb-advanced-heading uagb-block-8048194d\"><h3 class=\"uagb-heading-text\">#3 Planen Sie langfristig<\/h3><div class=\"uagb-separator-wrap\"><div class=\"uagb-separator\"><\/div><\/div><p class=\"uagb-desc-text\"><\/p><\/div>\n\n\n\n<p>Planen Sie bei der Farbwahl unbedingt auch langfristig. Trendfarben k\u00f6nnen in zwei Jahren wieder out sein, und eine stylische Tapete ist nicht zwingend \u00fcber Jahre angesagt. Setzen Sie daher eher auf<strong> zeitlose Klassiker.<\/strong> Trends k\u00f6nnen Sie dann zum Beispiel in der Deko aufgreifen.<\/p>\n<\/div><\/div>\n<\/div><\/section>\n<\/div><\/section>\n\n\n\n<section class=\"wp-block-uagb-section uagb-section__wrap uagb-section__background-undefined uagb-block-1727407a\"><div class=\"uagb-section__overlay\"><\/div><div class=\"uagb-section__inner-wrap\">\n<div class=\"wp-block-uagb-advanced-heading uagb-block-870e342e\"><h3 class=\"uagb-heading-text\">#4 Stimmen Sie bestehende Lieblingsm\u00f6bel mit dem Farbkonzept ab<\/h3><div class=\"uagb-separator-wrap\"><div class=\"uagb-separator\"><\/div><\/div><p class=\"uagb-desc-text\"><\/p><\/div>\n\n\n\n<p>Was, wenn Sie bereits M\u00f6bel besitzen, die Ihnen besonders lieb sind? Was, wenn Sie \u00fcber Einzelst\u00fccke verf\u00fcgen, von denen Sie schon vor sich sehen, wie Ihre G\u00e4ste sie gerne nutzen, weil sie etwas ganz Besonderes sind?<\/p>\n\n\n\n<p>In diesem Fall achten Sie darauf, dass die Wandfarben mit diesem Lieblingsst\u00fcck harmoniert. <strong>Bauen Sie dann die restliche Einrichtung auf diesem Zusammenspiel auf<\/strong>.<\/p>\n<\/div><\/section>\n\n\n\n<section class=\"wp-block-uagb-section uagb-section__wrap uagb-section__background-undefined uagb-block-b50840ec\"><div class=\"uagb-section__overlay\"><\/div><div class=\"uagb-section__inner-wrap\">\n<figure class=\"wp-block-image size-full\"><a href=\"https:\/\/www.traum-ferienwohnungen.de\/vermieter-magazin\/news-traum-plaza\/\" target=\"_blank\" rel=\"noopener\"><img loading=\"lazy\" width=\"1440\" height=\"440\" src=\"https:\/\/www.traum-ferienwohnungen.de\/vermieter-magazin\/wp-content\/uploads\/2022\/02\/traum-plaza-banner.jpg\" alt=\"\" class=\"wp-image-4943\" srcset=\"https:\/\/www.traum-ferienwohnungen.de\/vermieter-magazin\/wp-content\/uploads\/2022\/02\/traum-plaza-banner.jpg 1440w, https:\/\/www.traum-ferienwohnungen.de\/vermieter-magazin\/wp-content\/uploads\/2022\/02\/traum-plaza-banner-300x92.jpg 300w, https:\/\/www.traum-ferienwohnungen.de\/vermieter-magazin\/wp-content\/uploads\/2022\/02\/traum-plaza-banner-1024x313.jpg 1024w, https:\/\/www.traum-ferienwohnungen.de\/vermieter-magazin\/wp-content\/uploads\/2022\/02\/traum-plaza-banner-768x235.jpg 768w\" sizes=\"(max-width: 1440px) 100vw, 1440px\" \/><\/a><\/figure>\n<\/div><\/section>\n\n\n\n<section class=\"wp-block-uagb-section uagb-section__wrap uagb-section__background-undefined uagb-block-80aec139\"><div class=\"uagb-section__overlay\"><\/div><div class=\"uagb-section__inner-wrap\">\n<div class=\"wp-block-uagb-advanced-heading uagb-block-040a1c39\"><h2 class=\"uagb-heading-text\">Schritt 4: Einrichtungs-Planung der einzelnen R\u00e4ume der Ferienwohnung<\/h2><div class=\"uagb-separator-wrap\"><div class=\"uagb-separator\"><\/div><\/div><p class=\"uagb-desc-text\"><\/p><\/div>\n\n\n\n<p>Steht das Farbkonzept geht es an die Planung der einzelnen R\u00e4ume. Bevor wir auf die Einrichtung von K\u00fcche, Bad, Wohnzimmer und Co. eingehen, m\u00f6chten wir Ihnen noch ein paar grunds\u00e4tzliche Empfehlungen mitgeben.<\/p>\n<\/div><\/section>\n\n\n\n<section class=\"wp-block-uagb-section uagb-section__wrap uagb-section__background-color uagb-block-b0df9fe1\"><div class=\"uagb-section__overlay\"><\/div><div class=\"uagb-section__inner-wrap\">\n<div class=\"wp-block-uagb-advanced-heading uagb-block-d75bd2b3\"><h3 class=\"uagb-heading-text\">Richten Sie R\u00e4ume lieber hell als dunkel ein<\/h3><div class=\"uagb-separator-wrap\"><div class=\"uagb-separator\"><\/div><\/div><p class=\"uagb-desc-text\"><\/p><\/div>\n\n\n\n<p>Erg\u00e4nzend zu den vorangegangenen Abs\u00e4tzen sei hier noch zu erw\u00e4hnen, dass Sie grunds\u00e4tzlich lieber auf helle Farben von W\u00e4nden und M\u00f6beln setzen sollten. Das verleiht Ihrer Ferienwohnung einen <strong>modernen, freundlichen, einladenden und gleichzeitig gem\u00fctlichen Charakter<\/strong>. Obendrein sparen Sie so Strom: Denn helle R\u00e4ume ben\u00f6tigen weniger zus\u00e4tzliche Lichtquellen.<\/p>\n<\/div><\/section>\n\n\n\n<section class=\"wp-block-uagb-section uagb-section__wrap uagb-section__background-undefined uagb-block-9c888074\"><div class=\"uagb-section__overlay\"><\/div><div class=\"uagb-section__inner-wrap\">\n<div class=\"wp-block-uagb-advanced-heading uagb-block-23cf33a6\"><h3 class=\"uagb-heading-text\">Setzen Sie auf schlichte und robuste M\u00f6bel<\/h3><div class=\"uagb-separator-wrap\"><div class=\"uagb-separator\"><\/div><\/div><p class=\"uagb-desc-text\"><\/p><\/div>\n\n\n\n<p>Bei der Wahl der M\u00f6bel f\u00fcr Ferienimmobilien raten wir in der Regel dazu, auf extravagante Designerst\u00fccke als Basisausstattung zu verzichten. W\u00e4hlen Sie grunds\u00e4tzlich lieber schlichte und robuste M\u00f6bel und <strong>setzen Sie gegebenenfalls mit einzelnen Designerst\u00fccken Akzente<\/strong>.<\/p>\n<\/div><\/section>\n\n\n\n<section class=\"wp-block-uagb-section uagb-section__wrap uagb-section__background-color uagb-block-a4568682\"><div class=\"uagb-section__overlay\"><\/div><div class=\"uagb-section__inner-wrap\">\n<div class=\"wp-block-uagb-advanced-heading uagb-block-b0b8aa6f\"><h3 class=\"uagb-heading-text\">Planung der B\u00f6den f\u00fcr Ihre Ferienwohnung-Einrichtung<\/h3><div class=\"uagb-separator-wrap\"><div class=\"uagb-separator\"><\/div><\/div><p class=\"uagb-desc-text\"><\/p><\/div>\n\n\n\n<p>So gem\u00fctlich er auch sein mag &#8211; geht es an die konkrete Wahl des Fu\u00dfbodens, raten wir tendenziell von Teppichboden ab. Denn dieser ist in der Regel sehr pflegeintensiv, empfindlich und muss erfahrungsgem\u00e4\u00df h\u00e4ufig ausgewechselt werden.<\/p>\n\n\n\n<p>\u00dcberlegen Sie, ob stattdessen <strong>strapazierf\u00e4higeres und einfacher zu pflegendes Laminat<\/strong> f\u00fcr die Wohnr\u00e4ume eine Alternative ist. Vor allem in helleren Varianten ist dieses Holz-Imitat vielseitig mit Einrichtungsstilen zu kombinieren und wirkt zudem einladend sowie in der richtigen Qualit\u00e4t hochwertig. Wir raten Ihnen bei Laminat dazu, mindestens auf die Nutzungsklasse 31 zu setzen.<\/p>\n\n\n\n<p>F\u00fcr Flur, Bad und K\u00fcche kann Vinyl-Bodenbelag eine sch\u00f6ne und robuste Option sein. Hier k\u00f6nnen Sie nat\u00fcrlich aber auch ganz klassisch auf Fliesen setzen \u2013 in freundlich hellen T\u00f6nen, im Badezimmer gern wei\u00df an Wand und Boden.<\/p>\n<\/div><\/section>\n\n\n\n<section class=\"wp-block-uagb-section uagb-section__wrap uagb-section__background-undefined uagb-block-98d97432\"><div class=\"uagb-section__overlay\"><\/div><div class=\"uagb-section__inner-wrap\">\n<div class=\"wp-block-uagb-advanced-heading uagb-block-f7678539\"><h3 class=\"uagb-heading-text\">An was sie bei der Einrichtung denken sollten<\/h3><div class=\"uagb-separator-wrap\"><div class=\"uagb-separator\"><\/div><\/div><p class=\"uagb-desc-text\"><\/p><\/div>\n\n\n\n<p>Hier m\u00f6chten wir aber ganz grunds\u00e4tzlich wichtige Bestandteile einer gelungenen Einrichtung f\u00fcr Sie zusammenfassen:<\/p>\n\n\n\n<section class=\"wp-block-uagb-columns uagb-columns__wrap uagb-columns__background-undefined uagb-columns__stack-mobile uagb-columns__valign-undefined uagb-columns__gap-10 alignundefined uagb-block-c42ee1c5\"><div class=\"uagb-columns__overlay\"><\/div><div class=\"uagb-columns__inner-wrap uagb-columns__columns-1\">\n<div class=\"wp-block-uagb-column uagb-column__wrap uagb-column__background-undefined uagb-block-4444e604\"><div class=\"uagb-column__overlay\"><\/div><div class=\"uagb-column__inner-wrap\">\n<ul><li>ausreichend Beleuchtung in allen R\u00e4umen (auch in Besen- und Abstellkammern und im Au\u00dfenbereich)<\/li><li>aufeinander abgestimmte M\u00f6bel<\/li><li>moderne Unterhaltungselektronik wie beispielsweise ein Smart-TV<\/li><li>kostenloser Internetzugang bzw. WLAN<\/li><li>Sitzgelegenheiten f\u00fcr die maximale G\u00e4steanzahl<\/li><li>Landkarten und Ausflugstipps<\/li><li>Gesellschaftsspiele<\/li><li>G\u00e4stemappe und Infomaterialien<\/li><li>Freizeitlekt\u00fcre<\/li><li>K\u00fcchenausstattung zum Backen, Kochen, Braten etc.<\/li><li>M\u00f6bel f\u00fcr den Au\u00dfenbereich<\/li><li>Badezimmer, die ggf. durch Wellnesscharakter zum Verweilen einladen<\/li><li>ausreichend Stauraum<\/li><li>ggf. Extras wie Sauna, Infrarot-Kabine, Heimtrainer, Whirlpool<\/li><\/ul>\n<\/div><\/div>\n<\/div><\/section>\n\n\n\n<p>Schauen wir uns nun die Einrichtungsanforderungen an die einzelnen R\u00e4ume an:<\/p>\n<\/div><\/section>\n\n\n\n<section class=\"wp-block-uagb-section uagb-section__wrap uagb-section__background-undefined uagb-block-fc26abfc\"><div class=\"uagb-section__overlay\"><\/div><div class=\"uagb-section__inner-wrap\">\n<section class=\"wp-block-uagb-columns uagb-columns__wrap uagb-columns__background-undefined uagb-columns__stack-mobile uagb-columns__valign-undefined uagb-columns__gap-10 alignundefined uagb-block-ea2b31f3\"><div class=\"uagb-columns__overlay\"><\/div><div class=\"uagb-columns__inner-wrap uagb-columns__columns-2\">\n<div class=\"wp-block-uagb-column uagb-column__wrap uagb-column__background-undefined uagb-block-419746d2\"><div class=\"uagb-column__overlay\"><\/div><div class=\"uagb-column__inner-wrap\">\n<div class=\"wp-block-uagb-advanced-heading uagb-block-c000974a\"><h3 class=\"uagb-heading-text\">Das Wohnzimmer Ihrer Ferienwohnung einrichten<\/h3><div class=\"uagb-separator-wrap\"><div class=\"uagb-separator\"><\/div><\/div><p class=\"uagb-desc-text\"><\/p><\/div>\n\n\n\n<p>Wie oben bereits angesprochen, sollten Sie bei der Einrichtungsplanung und der Wahl von Sofa, Sesseln, Couchlandschaft darauf achten, dass die <strong>maximale Anzahl der Urlaubsg\u00e4ste hier gleichzeitig Platz findet <\/strong>\u2013 damit alle gemeinsam bei einem Glas Wein oder einem Gesellschaftsspiel den Abend ausklingen lassen k\u00f6nnen.<\/p>\n\n\n\n<p>Im Wohnzimmer darf es gern <strong>modern, aber auch gem\u00fctlich<\/strong> zugehen. Diesen Effekt unterstreichen gut gew\u00e4hlte, schlichte Teppiche unter dem Couchtisch sowie Vorh\u00e4nge.<\/p>\n\n\n\n<p>Wir raten Ihnen zudem darauf zu achten, dass trotz der M\u00f6bel ausreichend Bewegungsfreiheit bestehen und <strong>Stauraum vorhanden sein<\/strong> sollte \u2013 letzteres beispielsweise durch Regale, Kommoden oder Truhen.<\/p>\n\n\n\n<p>Wenn Sie den Wohn- und Essbereich in einem Raum kombinieren, denken Sie auch an einen einladenden Esstisch samt Essst\u00fchlen.<\/p>\n\n\n\n<p>Zum Wohnzimmer z\u00e4hlt in der Regel auch ein Fernseher und eine Musikanlage bzw. Lautsprecher-Boxen, die zeitgem\u00e4\u00dfem Standard entsprechend sollten, sowie WLAN mit den bereitgelegten Zugangsdaten.<\/p>\n<\/div><\/div>\n\n\n\n<div class=\"wp-block-uagb-column uagb-column__wrap uagb-column__background-undefined uagb-block-6151c90c\"><div class=\"uagb-column__overlay\"><\/div><div class=\"uagb-column__inner-wrap\">\n<figure class=\"wp-block-image size-full\"><img loading=\"lazy\" width=\"600\" height=\"400\" src=\"https:\/\/www.traum-ferienwohnungen.de\/vermieter-magazin\/wp-content\/uploads\/2022\/02\/einrichtung-tipps-wohnzimmer.jpg\" alt=\"Ein gem\u00fctlich eingerichtetes Wohnzimmer mit einem grauen Sofa, einem Stuhl und Couchtisch\" class=\"wp-image-4544\" srcset=\"https:\/\/www.traum-ferienwohnungen.de\/vermieter-magazin\/wp-content\/uploads\/2022\/02\/einrichtung-tipps-wohnzimmer.jpg 600w, https:\/\/www.traum-ferienwohnungen.de\/vermieter-magazin\/wp-content\/uploads\/2022\/02\/einrichtung-tipps-wohnzimmer-300x200.jpg 300w\" sizes=\"(max-width: 600px) 100vw, 600px\" \/><\/figure>\n<\/div><\/div>\n<\/div><\/section>\n<\/div><\/section>\n\n\n\n<section class=\"wp-block-uagb-section uagb-section__wrap uagb-section__background-undefined uagb-block-3666fd75\"><div class=\"uagb-section__overlay\"><\/div><div class=\"uagb-section__inner-wrap\">\n<section class=\"wp-block-uagb-columns uagb-columns__wrap uagb-columns__background-undefined uagb-columns__stack-mobile uagb-columns__valign-undefined uagb-columns__gap-10 alignundefined uagb-block-66d5776f\"><div class=\"uagb-columns__overlay\"><\/div><div class=\"uagb-columns__inner-wrap uagb-columns__columns-2\">\n<div class=\"wp-block-uagb-column uagb-column__wrap uagb-column__background-undefined uagb-block-98b1e2cb\"><div class=\"uagb-column__overlay\"><\/div><div class=\"uagb-column__inner-wrap\">\n<figure class=\"wp-block-image size-full\"><img loading=\"lazy\" width=\"600\" height=\"400\" src=\"https:\/\/www.traum-ferienwohnungen.de\/vermieter-magazin\/wp-content\/uploads\/2021\/11\/schlafzimmer-foto-ferienwohnung.jpg\" alt=\"Schlafzimmer mit gem\u00fctlicher Einrichtung: Bett und petrolfarbener Tagesdecke\" class=\"wp-image-3539\" srcset=\"https:\/\/www.traum-ferienwohnungen.de\/vermieter-magazin\/wp-content\/uploads\/2021\/11\/schlafzimmer-foto-ferienwohnung.jpg 600w, https:\/\/www.traum-ferienwohnungen.de\/vermieter-magazin\/wp-content\/uploads\/2021\/11\/schlafzimmer-foto-ferienwohnung-300x200.jpg 300w\" sizes=\"(max-width: 600px) 100vw, 600px\" \/><\/figure>\n<\/div><\/div>\n\n\n\n<div class=\"wp-block-uagb-column uagb-column__wrap uagb-column__background-undefined uagb-block-687d3dfd\"><div class=\"uagb-column__overlay\"><\/div><div class=\"uagb-column__inner-wrap\">\n<div class=\"wp-block-uagb-advanced-heading uagb-block-f148f93a\"><h3 class=\"uagb-heading-text\">Das Schlafzimmer f\u00fcr Ihre G\u00e4ste einrichten<\/h3><div class=\"uagb-separator-wrap\"><div class=\"uagb-separator\"><\/div><\/div><p class=\"uagb-desc-text\"><\/p><\/div>\n\n\n\n<p>In puncto Schlafzimmer ist es uns ein Herzensanliegen, Ihnen als allerersten Punkt mitzugeben: Bei der <strong>Qualit\u00e4t des Bettes<\/strong> sollten Sie nicht sparen. Vom Etagenbett \u00fcber das Einzelbett bis hin zur Schlafcouch oder dem King Size-Bett \u2013 bei jedem Bett kommt es auf Hochwertigkeit in Sachen Design und Stabilit\u00e4t und vor allem auf <strong>Schlafkomfort durch gute Matratzen<\/strong> (z.B. eine Taschenfederkern-Matratze) an. <\/p>\n\n\n\n<p>Denn schlafen G\u00e4ste im Urlaub schlecht und ist dies auf ein mangelhaftes Bett zur\u00fcckzuf\u00fchren, so wird sich die ausgebliebene Erholung schnell in schlechten Bewertungen niederschlagen.<\/p>\n\n\n\n<p>Worauf Sie bei der Einrichtung des Schlafzimmers Ihres Ferienhauses au\u00dferdem achten sollten:<\/p>\n\n\n\n<ul><li>einen ger\u00e4umigen Schrank<\/li><li>einen Spiegel<\/li><li>Nachttische mit kleinen Lampen<\/li><li>ggf. Schreibtisch\/Sekret\u00e4r und Schreibtischstuhl<\/li><\/ul>\n<\/div><\/div>\n<\/div><\/section>\n\n\n\n<p>F\u00fcr den maximalen Schlafkomfort Ihrer G\u00e4ste empfiehlt es sich auch, zur Verdunklung des Raumes an Jalousien bzw. Gardinen zu denken, die kein oder nur wenig Licht durchlassen.<\/p>\n\n\n\n<section class=\"wp-block-uagb-columns uagb-columns__wrap uagb-columns__background-color uagb-columns__stack-mobile uagb-columns__valign-undefined uagb-columns__gap-10 alignundefined uagb-block-5c72d18d\"><div class=\"uagb-columns__overlay\"><\/div><div class=\"uagb-columns__inner-wrap uagb-columns__columns-1\">\n<div class=\"wp-block-uagb-column uagb-column__wrap uagb-column__background-undefined uagb-block-bf21bc1c\"><div class=\"uagb-column__overlay\"><\/div><div class=\"uagb-column__inner-wrap\">\n<p class=\"has-tfw-white-color has-text-color\"><strong>\u00dcbrigens<\/strong>: Eine behagliche Atmosph\u00e4re im Schlafzimmer unterst\u00fctzen Sie durch lange, flie\u00dfende Gardinen, ggf. einen bequemen Sessel, Tagesdecken und Kissen auf und einen kleineren Teppich vor dem Bett.<\/p>\n<\/div><\/div>\n<\/div><\/section>\n<\/div><\/section>\n\n\n\n<section class=\"wp-block-uagb-section uagb-section__wrap uagb-section__background-undefined uagb-block-8d04963a\"><div class=\"uagb-section__overlay\"><\/div><div class=\"uagb-section__inner-wrap\">\n<section class=\"wp-block-uagb-columns uagb-columns__wrap uagb-columns__background-undefined uagb-columns__stack-mobile uagb-columns__valign-undefined uagb-columns__gap-10 alignundefined uagb-block-e53941a4\"><div class=\"uagb-columns__overlay\"><\/div><div class=\"uagb-columns__inner-wrap uagb-columns__columns-2\">\n<div class=\"wp-block-uagb-column uagb-column__wrap uagb-column__background-undefined uagb-block-13e459d2\"><div class=\"uagb-column__overlay\"><\/div><div class=\"uagb-column__inner-wrap\">\n<div class=\"wp-block-uagb-advanced-heading uagb-block-d92b75ca\"><h3 class=\"uagb-heading-text\">Ihr Badezimmer f\u00fcr Urlauber gestalten<\/h3><div class=\"uagb-separator-wrap\"><div class=\"uagb-separator\"><\/div><\/div><p class=\"uagb-desc-text\"><\/p><\/div>\n\n\n\n<p>Dass das Badezimmer \u00fcber eine Dusche bzw. Badewanne mit Duschm\u00f6glichkeit, Waschbecken, ggf. Bidet und eine Toilette verf\u00fcgen sollte, liegt auf der Hand. Achten Sie auch hier bei der Wahl der Modelle auf Qualit\u00e4t und tendenziell <strong>schlichte, moderne Optik<\/strong>. Pr\u00fcfen Sie zudem regelm\u00e4\u00dfig einwandfreie Funktionalit\u00e4t und Sauberkeit der Objekte. Denn allein die gut gew\u00e4hlte und gepflegte Grundeinrichtung kann Wertigkeit und Bedacht bei der Einrichtung der Ferienwohnung ausstrahlen.<\/p>\n\n\n\n<p>Mit diesen Badezimmer-Basics ist es allerdings noch nicht getan. Sorgen Sie f\u00fcr <strong>ausreichenden Stauraum<\/strong> beispielsweise f\u00fcr Handt\u00fccher, Kosmetiktaschen und Pflegeprodukte. Hierzu dienen Waschbeckenunterschr\u00e4nke, Regale und K\u00f6rbe.<\/p>\n\n\n\n<p><meta charset=\"utf-8\">Wir haben au\u00dferdem weiter oben bereits angesprochen: Auch die <strong>bewusste Einrichtung eines Badezimmers kann zum Wohlf\u00fchlen einladen<\/strong>. Wir wollen damit nicht sagen, dass aus jedem Badezimmer ein Wellnesstempel gezaubert werden muss, damit sich G\u00e4ste entspannen und geborgen f\u00fchlen.<\/p>\n<\/div><\/div>\n\n\n\n<div class=\"wp-block-uagb-column uagb-column__wrap uagb-column__background-undefined uagb-block-6664df7f\"><div class=\"uagb-column__overlay\"><\/div><div class=\"uagb-column__inner-wrap\">\n<figure class=\"wp-block-image size-full\"><img loading=\"lazy\" width=\"600\" height=\"400\" src=\"https:\/\/www.traum-ferienwohnungen.de\/vermieter-magazin\/wp-content\/uploads\/2022\/02\/badezimmer-einrichten-tipps.jpg\" alt=\"Badezimmer mit einem Regal, auf dem Aufbewahrungsm\u00f6glichkeiten und Kosmetikartikel stehen\" class=\"wp-image-4545\" srcset=\"https:\/\/www.traum-ferienwohnungen.de\/vermieter-magazin\/wp-content\/uploads\/2022\/02\/badezimmer-einrichten-tipps.jpg 600w, https:\/\/www.traum-ferienwohnungen.de\/vermieter-magazin\/wp-content\/uploads\/2022\/02\/badezimmer-einrichten-tipps-300x200.jpg 300w\" sizes=\"(max-width: 600px) 100vw, 600px\" \/><\/figure>\n<\/div><\/div>\n<\/div><\/section>\n\n\n\n<p>Ein kleiner Holztisch mit einer Vase oder Duftkerze, bereitgestellte Proben von Duschgel und Shampoo in einem Bastk\u00f6rbchen, farblich aufeinander abgestimmte Handt\u00fccher und Duschvorleger oder ein paar Muscheln auf dem Badewannenrand k\u00f6nnen jedoch schnell zu einem angenehmen und bleibenden Gesamteindruck beitragen.<\/p>\n<\/div><\/section>\n\n\n\n<section class=\"wp-block-uagb-section uagb-section__wrap uagb-section__background-undefined uagb-block-d6630631\"><div class=\"uagb-section__overlay\"><\/div><div class=\"uagb-section__inner-wrap\">\n<section class=\"wp-block-uagb-columns uagb-columns__wrap uagb-columns__background-undefined uagb-columns__stack-mobile uagb-columns__valign-undefined uagb-columns__gap-10 alignundefined uagb-block-fdd75fc7\"><div class=\"uagb-columns__overlay\"><\/div><div class=\"uagb-columns__inner-wrap uagb-columns__columns-2\">\n<div class=\"wp-block-uagb-column uagb-column__wrap uagb-column__background-undefined uagb-block-7d5aca9d\"><div class=\"uagb-column__overlay\"><\/div><div class=\"uagb-column__inner-wrap\">\n<figure class=\"wp-block-image size-full\"><img loading=\"lazy\" width=\"600\" height=\"400\" src=\"https:\/\/www.traum-ferienwohnungen.de\/vermieter-magazin\/wp-content\/uploads\/2021\/11\/kueche-foto-ferienwohnung.jpg\" alt=\"Wei\u00dfe K\u00fcche  im Landhaus-Stil mit gem\u00fctlicher Deko\" class=\"wp-image-3538\" srcset=\"https:\/\/www.traum-ferienwohnungen.de\/vermieter-magazin\/wp-content\/uploads\/2021\/11\/kueche-foto-ferienwohnung.jpg 600w, https:\/\/www.traum-ferienwohnungen.de\/vermieter-magazin\/wp-content\/uploads\/2021\/11\/kueche-foto-ferienwohnung-300x200.jpg 300w\" sizes=\"(max-width: 600px) 100vw, 600px\" \/><\/figure>\n<\/div><\/div>\n\n\n\n<div class=\"wp-block-uagb-column uagb-column__wrap uagb-column__background-undefined uagb-block-38354354\"><div class=\"uagb-column__overlay\"><\/div><div class=\"uagb-column__inner-wrap\">\n<div class=\"wp-block-uagb-advanced-heading uagb-block-a8e176c2\"><h3 class=\"uagb-heading-text\">Worauf achten bei der Einrichtung der K\u00fcche<\/h3><div class=\"uagb-separator-wrap\"><div class=\"uagb-separator\"><\/div><\/div><p class=\"uagb-desc-text\"><\/p><\/div>\n\n\n\n<p>G\u00e4ste in Ferienh\u00e4usern und Ferienwohnungen sind <strong>in der Regel Selbstversorger<\/strong>. <\/p>\n\n\n\n<p>Daher sollte es in der K\u00fcche nicht an den notwendigen K\u00fcchenger\u00e4ten mangeln: Von Backofen \u00fcber Herd, Mikrowelle, Kaffeemaschine, Gefrierfach, K\u00fchlschrank, Toaster bis hin zu Wasserkocher und Sp\u00fclmaschine empfehlen wir Ihnen, alles bereitzustellen.<\/p>\n\n\n\n<p><\/p>\n\n\n\n<section class=\"wp-block-uagb-columns uagb-columns__wrap uagb-columns__background-color uagb-columns__stack-mobile uagb-columns__valign-undefined uagb-columns__gap-10 alignundefined uagb-block-b20e6cfb\"><div class=\"uagb-columns__overlay\"><\/div><div class=\"uagb-columns__inner-wrap uagb-columns__columns-1\">\n<div class=\"wp-block-uagb-column uagb-column__wrap uagb-column__background-undefined uagb-block-da5488fc\"><div class=\"uagb-column__overlay\"><\/div><div class=\"uagb-column__inner-wrap\">\n<p class=\"has-tfw-white-color has-text-color\"><strong>Unser Tipp:<\/strong><br>Richten Sie auch die K\u00fcche nicht nur zweckm\u00e4\u00dfig ein. Die K\u00fcche ist ein Raum der Geselligkeit, des Austauschs, des miteinander Lebens. Kleine Akzente wie ein auf dem Esstisch platzierter Obstkorb, Vasen auf Anrichten oder Blument\u00f6pfe am Fenster schaffen hierf\u00fcr eine besonders angenehme Stimmung \u2013 vor allem dann, wenn sie auf das gesamte Farb- und Stilkonzept von K\u00fcche und Ferienwohnung abgestimmt sind.<\/p>\n<\/div><\/div>\n<\/div><\/section>\n<\/div><\/div>\n<\/div><\/section>\n<\/div><\/section>\n\n\n\n<section class=\"wp-block-uagb-section uagb-section__wrap uagb-section__background-undefined uagb-block-c3039b69\"><div class=\"uagb-section__overlay\"><\/div><div class=\"uagb-section__inner-wrap\">\n<section class=\"wp-block-uagb-columns uagb-columns__wrap uagb-columns__background-undefined uagb-columns__stack-mobile uagb-columns__valign-undefined uagb-columns__gap-10 alignundefined uagb-block-42ca5c4a\"><div class=\"uagb-columns__overlay\"><\/div><div class=\"uagb-columns__inner-wrap uagb-columns__columns-2\">\n<div class=\"wp-block-uagb-column uagb-column__wrap uagb-column__background-undefined uagb-block-791bc5d7\"><div class=\"uagb-column__overlay\"><\/div><div class=\"uagb-column__inner-wrap\">\n<div class=\"wp-block-uagb-advanced-heading uagb-block-35c87c0b\"><h3 class=\"uagb-heading-text\">Flur und Eingangsbereich einrichten<\/h3><div class=\"uagb-separator-wrap\"><div class=\"uagb-separator\"><\/div><\/div><p class=\"uagb-desc-text\"><\/p><\/div>\n\n\n\n<p>Den Flur <strong>ansprechend und gleichzeitig zweckgem\u00e4\u00df zu gestalten<\/strong>, kann eine Herausforderung sein. Aber genau bei diesem Raum kommt es auf den richtigen Eindruck auf den ersten Blick an. Hier entsteht der erste Kontakt mit dem Feriendomizil.<\/p>\n\n\n\n<p>Unsere Empfehlung lautet daher:<br>Gestalten Sie nach M\u00f6glichkeit auch den Eingangsbereich komfortabel. Achten Sie auf <strong>reichlich Platz f\u00fcr vielfaches Schuhwerk<\/strong>, Gummistiefel sowie Garderobenhaken und Ablagen f\u00fcr M\u00fctzen, Handschuhe, Schals.<\/p>\n\n\n\n<p>Unterst\u00fctzen Sie schon im Flur eine behagliche Atmosph\u00e4re, die Ihre G\u00e4ste direkt bei der Ankunft willkommen hei\u00dft \u2013 beispielsweise durch <strong>eine gem\u00fctliche Sitzbank <\/strong>mit Kissen oder ein Tischchen zum Ablegen von Schl\u00fcssel und Smartphone und einen Spiegel.<\/p>\n<\/div><\/div>\n\n\n\n<div class=\"wp-block-uagb-column uagb-column__wrap uagb-column__background-undefined uagb-block-3548f15b\"><div class=\"uagb-column__overlay\"><\/div><div class=\"uagb-column__inner-wrap\">\n<figure class=\"wp-block-image size-full\"><img loading=\"lazy\" width=\"600\" height=\"400\" src=\"https:\/\/www.traum-ferienwohnungen.de\/vermieter-magazin\/wp-content\/uploads\/2022\/02\/einrichtung-flur-tipps.jpg\" alt=\"Flur mit Garderobe, Sitzbank, Kommode und einer gro\u00dfen Pflanze\" class=\"wp-image-4546\" srcset=\"https:\/\/www.traum-ferienwohnungen.de\/vermieter-magazin\/wp-content\/uploads\/2022\/02\/einrichtung-flur-tipps.jpg 600w, https:\/\/www.traum-ferienwohnungen.de\/vermieter-magazin\/wp-content\/uploads\/2022\/02\/einrichtung-flur-tipps-300x200.jpg 300w\" sizes=\"(max-width: 600px) 100vw, 600px\" \/><\/figure>\n<\/div><\/div>\n<\/div><\/section>\n\n\n\n<p>Wichtig f\u00fcr den Eingangsbereich ist auch: Der <strong>Boden muss eine Menge an Kommen und Gehen aushalten<\/strong>, sollte aber dennoch ins Gesamtkonzept der Wohnung passen. \u00dcberlegen Sie daher f\u00fcr die Wahl des Belages genau:<\/p>\n\n\n\n<ul><li>Bringen G\u00e4ste wohl viel Sand mit ins Haus \u2013 weil sie vielleicht vom Strand kommen?<\/li><li>Haben Urlauber wom\u00f6glich oft Kiesel vom Bergsteigen und Wandern in den Profilen der Schuhe, die dem Boden schaden k\u00f6nnten?<\/li><li>Scharrt der Hund vielleicht ungeduldig mit den Pfoten auf dem Flurboden, bevor Ihre G\u00e4ste mit ihm zum Spaziergang aufbrechen?<\/li><li>Was muss der Boden aushalten, bis Ihre G\u00e4ste die Schuhe im Schuhregal bzw. Schuhschrank abgelegt haben?<\/li><\/ul>\n\n\n\n<p>Erkundigen Sie sich genau in Baum\u00e4rkten, welche B\u00f6den empfehlenswert sind und gleichzeitig hochwertig aussehen.<\/p>\n<\/div><\/section>\n\n\n\n<section class=\"wp-block-uagb-section uagb-section__wrap uagb-section__background-undefined uagb-block-10e40c85\"><div class=\"uagb-section__overlay\"><\/div><div class=\"uagb-section__inner-wrap\">\n<div class=\"wp-block-uagb-advanced-heading uagb-block-d178a99d\"><h2 class=\"uagb-heading-text\">Schritt 5: Investieren Sie in gute M\u00f6bel<\/h2><div class=\"uagb-separator-wrap\"><div class=\"uagb-separator\"><\/div><\/div><p class=\"uagb-desc-text\"><\/p><\/div>\n\n\n\n<p>Sie konnten es aus den vorangegangenen Abs\u00e4tzen bereits herauslesen: Wir raten Ihnen zur Investition in gute M\u00f6bel. Klapprige Schr\u00e4nke, schlechte Betten, wackelnde Toilettendeckel oder auch eine Deckenlampe mit schiefem Lampenschirm werden von Ferieng\u00e4sten negativ empfunden. Ihre Urlauber nehmen Defekte schnell als Beeintr\u00e4chtigung des Urlaubsgenusses wahr.<\/p>\n\n\n\n<p>Nat\u00fcrlich k\u00f6nnen auch hochwertige Produkte Schaden nehmen. Aber grunds\u00e4tzlich d\u00fcrfen Sie davon ausgehen, dass M\u00f6bel, Bodenbel\u00e4ge und auch Wandfarben, die mehr als die allerg\u00fcnstigsten Alternativen kosten, <strong>eine l\u00e4ngere Lebensdauer <\/strong>haben. Auch Urlauber erkennen Qualit\u00e4t und werden die entsprechende Wahl als Ihre Wertsch\u00e4tzung den eigenen G\u00e4sten gegen\u00fcber zu deuten wissen.<\/p>\n\n\n\n<p>Sie m\u00fcssen deshalb aber keine M\u00f6bel ma\u00dffertigen lassen oder in teure Designerl\u00e4den gehen. Besuchen Sie verschiedene M\u00f6belh\u00e4user, <strong>testen Sie Sessel, St\u00fchle, Tisch, Betten &amp; Co. eingehend<\/strong>. \u00d6ffnen Sie dazu zum Beispiel Schubladen von Nachtischen und Kommoden mehrfach und pr\u00fcfen Sie diese auf Stabilit\u00e4t. Oder st\u00fctzen Sie sich einmal auf einen Esstisch auf und testen Sie, ob dieser verd\u00e4chtig wackelt.<\/p>\n\n\n\n<p>Achten Sie beim Kauf auch auf Garantien der Hersteller und Anbieter.<\/p>\n<\/div><\/section>\n\n\n\n<section class=\"wp-block-uagb-section uagb-section__wrap uagb-section__background-undefined uagb-block-dc2d019a\"><div class=\"uagb-section__overlay\"><\/div><div class=\"uagb-section__inner-wrap\">\n<section class=\"wp-block-uagb-columns uagb-columns__wrap uagb-columns__background-undefined uagb-columns__stack-mobile uagb-columns__valign-undefined uagb-columns__gap-10 alignundefined uagb-block-676ec552\"><div class=\"uagb-columns__overlay\"><\/div><div class=\"uagb-columns__inner-wrap uagb-columns__columns-1\">\n<div class=\"wp-block-uagb-column uagb-column__wrap uagb-column__background-undefined uagb-block-d36b72d6\"><div class=\"uagb-column__overlay\"><\/div><div class=\"uagb-column__inner-wrap\">\n<div class=\"wp-block-image\"><figure class=\"alignleft size-full\"><a href=\"#register\"><img loading=\"lazy\" width=\"600\" height=\"400\" src=\"https:\/\/www.traum-ferienwohnungen.de\/vermieter-magazin\/wp-content\/uploads\/2021\/12\/banner-ratgeber-einrichtung-ferienwohnung.png\" alt=\"\" class=\"wp-image-7421\" srcset=\"https:\/\/www.traum-ferienwohnungen.de\/vermieter-magazin\/wp-content\/uploads\/2021\/12\/banner-ratgeber-einrichtung-ferienwohnung.png 600w, https:\/\/www.traum-ferienwohnungen.de\/vermieter-magazin\/wp-content\/uploads\/2021\/12\/banner-ratgeber-einrichtung-ferienwohnung-300x200.png 300w\" sizes=\"(max-width: 600px) 100vw, 600px\" \/><\/a><\/figure><\/div>\n<\/div><\/div>\n<\/div><\/section>\n<\/div><\/section>\n\n\n\n<section class=\"wp-block-uagb-section uagb-section__wrap uagb-section__background-undefined uagb-block-ca239f63\"><div class=\"uagb-section__overlay\"><\/div><div class=\"uagb-section__inner-wrap\">\n<div class=\"wp-block-uagb-advanced-heading uagb-block-13d69407\"><h2 class=\"uagb-heading-text\">Schritt 6: Gestalten Sie den Au\u00dfenbereich einladend<\/h2><div class=\"uagb-separator-wrap\"><div class=\"uagb-separator\"><\/div><\/div><p class=\"uagb-desc-text\"><\/p><\/div>\n\n\n\n<p>Z\u00e4hlt zu Ihrer Ferienwohnung ein Balkon oder zum Ferienhaus ein Garten, dann raten wir, auch diese Au\u00dfenbereiche in Ihr Einrichtungskonzept mit einzubinden.<\/p>\n\n\n\n<p>Abgesehen davon, dass die Au\u00dfenbereiche ebenso wie die Inneneinrichtung stets sauber und gepflegt zu halten sind, k\u00f6nnen Sie auch hier zeigen, dass Sie sich f\u00fcr Ihre G\u00e4ste ins Zeug gelegt haben. Denken Sie zum Beispiel an:<\/p>\n\n\n\n<ul><li>Beete und Blumenk\u00e4sten<\/li><li>einen Fahrradschuppen oder Au\u00dfenschrank f\u00fcr Wintersportausr\u00fcstung und Schlitten<\/li><li>einen Pool oder eine Gartendusche<\/li><li>eine Au\u00dfensauna<\/li><li>Sitz- und Essgelegenheiten<\/li><li>hochwertige Terrassen- und Balkonb\u00f6den<\/li><li>in Material und Farbe aufeinander abgestimmte Gartenliegen, Sonnenst\u00fchle oder H\u00e4ngematten<\/li><\/ul>\n\n\n\n<p><strong>Achten Sie auch auf die Au\u00dfenbeleuchtung<\/strong>, damit Ihre G\u00e4ste nicht im Stockfinsteren vom Gartentor zum Haus gehen m\u00fcssen und Gefahr laufen zu stolpern. Oder damit Urlauber in lauen Sommern\u00e4chten abends drau\u00dfen lesen und gem\u00fctlich beisammensitzen k\u00f6nnen.<\/p>\n<\/div><\/section>\n\n\n\n<section class=\"wp-block-uagb-section uagb-section__wrap uagb-section__background-undefined uagb-block-038f25df\"><div class=\"uagb-section__overlay\"><\/div><div class=\"uagb-section__inner-wrap\">\n<section class=\"wp-block-uagb-columns uagb-columns__wrap uagb-columns__background-undefined uagb-columns__stack-mobile uagb-columns__valign-undefined uagb-columns__gap-10 alignundefined uagb-block-312927a7\"><div class=\"uagb-columns__overlay\"><\/div><div class=\"uagb-columns__inner-wrap uagb-columns__columns-2\">\n<div class=\"wp-block-uagb-column uagb-column__wrap uagb-column__background-undefined uagb-block-ee1cdeda\"><div class=\"uagb-column__overlay\"><\/div><div class=\"uagb-column__inner-wrap\">\n<div class=\"wp-block-uagb-advanced-heading uagb-block-745d8137\"><h2 class=\"uagb-heading-text\">Schritt 7: Verleihen Sie der Einrichtung mit der richtigen Deko den letzten Schliff<\/h2><div class=\"uagb-separator-wrap\"><div class=\"uagb-separator\"><\/div><\/div><p class=\"uagb-desc-text\"><\/p><\/div>\n\n\n\n<p>Das ein oder andere Mal haben wir hier schon Accessoires, Licht und Dekoration f\u00fcr Ihre Ferienwohnung angesprochen. Und wir empfehlen Ihnen, diesen drei Aspekten ein besonderes Augenmerk zu schenken.<\/p>\n\n\n\n<p><strong>Gut ausgeleuchtete R\u00e4ume sind ein Muss<\/strong>, denn das richtige Licht schafft eine freundliche Stimmung. Lassen Sie sich hier am besten von Spezialisten beraten, die Sie \u00fcber die Vorteile und ideale Platzierung von Deckenleuchten, dimmbarem Licht, Standleuchten, Flurbeleuchtung und Licht im Treppenhaus durch Spots oder Bewegungsmelder informieren.<\/p>\n\n\n\n<p><\/p>\n<\/div><\/div>\n\n\n\n<div class=\"wp-block-uagb-column uagb-column__wrap uagb-column__background-undefined uagb-block-078bfde4\"><div class=\"uagb-column__overlay\"><\/div><div class=\"uagb-column__inner-wrap\">\n<figure class=\"wp-block-image size-full\"><img loading=\"lazy\" width=\"600\" height=\"400\" src=\"https:\/\/www.traum-ferienwohnungen.de\/vermieter-magazin\/wp-content\/uploads\/2022\/02\/dekoration-wohnzimmer-ferienwohnung.jpg\" alt=\"Moderne Dekoration mit einer gr\u00fcnen Vase, Eukalyptus-Zweigen auf einem Tisch und eine Stehlampe nehmen einem Sessel - passend zur modernen Einrichtung\" class=\"wp-image-4555\" srcset=\"https:\/\/www.traum-ferienwohnungen.de\/vermieter-magazin\/wp-content\/uploads\/2022\/02\/dekoration-wohnzimmer-ferienwohnung.jpg 600w, https:\/\/www.traum-ferienwohnungen.de\/vermieter-magazin\/wp-content\/uploads\/2022\/02\/dekoration-wohnzimmer-ferienwohnung-300x200.jpg 300w\" sizes=\"(max-width: 600px) 100vw, 600px\" \/><\/figure>\n<\/div><\/div>\n<\/div><\/section>\n\n\n\n<p>Bestimmte R\u00e4ume wie das Schlafzimmer sollten zudem <strong>abzudunkeln sein und ggf. Sichtschutz bieten<\/strong>. Letzteres empfiehlt sich vor allem bei dichter Bebauung beispielsweise in Ferienhaussiedlungen, damit die direkten Nachbarn nicht in die Urlaubsr\u00e4ume blicken k\u00f6nnen. Lassen Sie sich auch hier von den Vorz\u00fcgen von (Raff-)Rollos, Jalousien und Vorh\u00e4ngen durch Experten beraten.<\/p>\n\n\n\n<p>Achten Sie f\u00fcr ein harmonisches und einladendes Gesamtbild Ihrer Ferienwohnung auch auf <strong>ansprechenden Wandschmuck<\/strong>: Spiegel, Bilder und \/ oder Fotos k\u00f6nnen R\u00e4ume einladender gestalten und teils auch gr\u00f6\u00dfer wirken lassen. Ganz grunds\u00e4tzlich raten wir dazu, bei Bildern darauf zu achten, dass sie zum Gesamtkonzept passen. So k\u00f6nnen Bilder der Region, abstrakte Zeichnungen (wie Line Art) oder Drucke bekannter Maler gute Optionen sein.<\/p>\n\n\n\n<p>Und erg\u00e4nzen Sie \u2013 wenn alle M\u00f6belst\u00fccke stehen \u2013 das Gesamtkonzept durch <strong>farblich abgestimmte Blumen, Vasen, T\u00f6pfe, Kerzen <\/strong>und \/ oder Tischdecken. Vielleicht gibt es auch Designklassiker aus der Umgebung, die Sie pr\u00e4sentieren k\u00f6nnten oder Handwerkskunst aus dem Ort, die in Ihr Einrichtungs-Konzept passt? Durch kleine Highlights in der Einrichtung k\u00f6nnen Sie m\u00e4chtig bei G\u00e4sten punkten.<\/p>\n<\/div><\/section>\n\n\n\n<section class=\"wp-block-uagb-section uagb-section__wrap uagb-section__background-undefined uagb-block-f2b4d5a1\"><div class=\"uagb-section__overlay\"><\/div><div class=\"uagb-section__inner-wrap\">\n<div class=\"wp-block-uagb-advanced-heading uagb-block-64958ed4\"><h2 class=\"uagb-heading-text\">Lassen sich die Kosten f\u00fcr die Einrichtung von der Steuer absetzen?<\/h2><div class=\"uagb-separator-wrap\"><div class=\"uagb-separator\"><\/div><\/div><p class=\"uagb-desc-text\"><\/p><\/div>\n\n\n\n<p>Wenn das Konzept final ist und Vermieter erstmals im M\u00f6belhaus stehen und alles, was auf der Einkaufsliste f\u00fcr die komplette, harmonische Einrichtung geh\u00f6rt, in den Einkaufskorb wandert, fragt sich der ein oder andere Vermieter:<\/p>\n\n\n\n<p>\u201eWas von der Einrichtung f\u00fcr meine Ferienwohnung kann ich von der Steuer absetzen?\u201c<\/p>\n\n\n\n<p>An dieser Stelle eine gute Nachricht f\u00fcr Sie: Sie k\u00f6nnen einige Ausgaben absetzen und <strong>Einrichtungsgegenst\u00e4nde und Renovierungskosten bei der Steuer angerechnet bekommen<\/strong>. Eine sogenannte Abschreibungstabelle kann hier Klarheit verschaffen. Diese f\u00fchrt auf, welche Nutzungsdauer f\u00fcr bestimmte Gegenst\u00e4nde wie K\u00fchlschr\u00e4nke und Einbauk\u00fcchen beispielsweise angesetzt werden k\u00f6nnen.<\/p>\n\n\n\n<p><strong>Unser Tipp<\/strong>: Holen Sie sich hierzu Rat von Ihrem Steuerberater \u2013 bestenfalls vor dem ersten Einkauf. Informieren Sie sich im Voraus, was Sie absetzen k\u00f6nnen. Gehen Sie dann mit Plan und klarem Budget vor und lassen Sie sich nicht zu K\u00e4ufen aus dem Bauch heraus verleiten. F\u00fcr umfangreichere Renovierungsarbeiten holen Sie sich mehrere Angebote ein, vergleichen Sie diese und pr\u00fcfen Sie, welche Kostenpunkte wiederum steuerlich absetzbar sind.<\/p>\n<\/div><\/section>\n\n\n\n<section class=\"wp-block-uagb-section uagb-section__wrap uagb-section__background-undefined uagb-block-04526a20\"><div class=\"uagb-section__overlay\"><\/div><div class=\"uagb-section__inner-wrap\">\n<div class=\"wp-block-uagb-advanced-heading uagb-block-f8907ad7\"><h2 class=\"uagb-heading-text\">Holen Sie sich Unterst\u00fctzung von Einrichtungs-Experten<\/h2><div class=\"uagb-separator-wrap\"><div class=\"uagb-separator\"><\/div><\/div><p class=\"uagb-desc-text\"><\/p><\/div>\n\n\n\n<p>Nun haben Sie unsere Schritt-f\u00fcr-Schritt-Anleitung f\u00fcr die Einrichtung Ihrer Ferienwohnung an der Hand. Was aber, wenn Sie sagen, dass das Thema Einrichtung der Ferienwohnung Ihnen partout nicht liegt? Dass Sie diesen Teil des Vermietungs-Unternehmens gern abgeben m\u00f6chten? Oder wenn Sie weit entfernt von Ihrer Ferienwohnung leben und f\u00fcr das Einrichtungsprojekt nicht vor Ort sein k\u00f6nnen?<\/p>\n\n\n\n<p>Dann haben Sie selbstverst\u00e4ndlich die M\u00f6glichkeit, die Einrichtung an einen Experten f\u00fcr Innenraum-Gestaltung abzugeben.<\/p>\n\n\n\n<section class=\"wp-block-uagb-columns uagb-columns__wrap uagb-columns__background-color uagb-columns__stack-mobile uagb-columns__valign-undefined uagb-columns__gap-10 alignundefined uagb-block-80a8197f\"><div class=\"uagb-columns__overlay\"><\/div><div class=\"uagb-columns__inner-wrap uagb-columns__columns-1\">\n<div class=\"wp-block-uagb-column uagb-column__wrap uagb-column__background-undefined uagb-block-563e594c\"><div class=\"uagb-column__overlay\"><\/div><div class=\"uagb-column__inner-wrap\">\n<p><strong>Unser Tipp:<\/strong><\/p>\n\n\n\n<p>In unserer Traum-Plaza k\u00f6nnen bei uns registrierte Kunden (mit mind. einem aktiven Inserat) sich Ihre individuelle Einrichtungsberatung buchen. Die Experten von unserem Kooperationspartner Roamlike arbeiten dann ein Konzept aus, das genau auf ihren Stil und ihr Budget abgestimmt sind.<\/p>\n\n\n\n<p>So k\u00f6nnen Sie Ihre R\u00e4ume in k\u00fcrzester Zeit perfekt in Szene setzen und Ihrer Unterkunft mit dem idealen Einsatz von M\u00f6beln, Farben, Licht und Deko den vollendenden Schliff geben.<\/p>\n\n\n\n<p>Wir stellen Ihnen die Traum-Plaza gerne im Detail vor:<\/p>\n\n\n\n<div class=\"wp-block-uagb-buttons uagb-buttons__outer-wrap uagb-block-c4e8c9d4\"><div class=\"uagb-buttons__wrap uagb-buttons-layout-wrap\">\n<div class=\"wp-block-uagb-buttons-child uagb-buttons__outer-wrap uagb-block-bf8ab32d\"><div class=\"uagb-button__wrapper\"><a class=\"uagb-buttons-repeater\" href=\"https:\/\/www.traum-ferienwohnungen.de\/vermieter-magazin\/news-traum-plaza\/\" rel=\"noopener noreferrer\" target=\"_blank\"><div class=\"uagb-button__link\">Alle Infos zur Traum-Plaza<\/div><\/a><\/div><\/div>\n<\/div><\/div>\n<\/div><\/div>\n<\/div><\/section>\n<\/div><\/section>\n\n\n\n<section class=\"wp-block-uagb-section uagb-section__wrap uagb-section__background-undefined uagb-block-fd31dd8f\"><div class=\"uagb-section__overlay\"><\/div><div class=\"uagb-section__inner-wrap\">\n<div class=\"wp-block-uagb-advanced-heading uagb-block-89c69a4e\"><h2 class=\"uagb-heading-text\">Starten Sie mit Ihrem Konzept f\u00fcr eine einmalige Einrichtung Ihrer Ferienwohnung<\/h2><div class=\"uagb-separator-wrap\"><div class=\"uagb-separator\"><\/div><\/div><p class=\"uagb-desc-text\"><\/p><\/div>\n\n\n\n<p>Vom Konzept \u00fcber den Blick f\u00fcr Ihre Wunschg\u00e4ste, den Farben, Ihrem Traum-Stil, Ideen f\u00fcr einzelne Innen- und Au\u00dfenr\u00e4ume bis hin zu hilfreichen Tipps f\u00fcr die Gestaltung durch Experten \u2013 Sie haben nun einen klaren Fahrplan f\u00fcr die Einrichtung von Ferienwohnungen und Ferienh\u00e4usern.<\/p>\n\n\n\n<p>Wir w\u00fcnschen Ihnen viel Vergn\u00fcgen bei der Planung und vor allem Erfolg bei der Umsetzung und viele begeisterte G\u00e4ste, die Jahr um Jahr wieder bei Ihnen buchen.<\/p>\n<\/div><\/section>\n\n\n\n<section class=\"wp-block-uagb-section uagb-section__wrap uagb-section__background-color uagb-block-f36abfb8\" id=\"register\"><div class=\"uagb-section__overlay\"><\/div><div class=\"uagb-section__inner-wrap\">\n<div class=\"wp-block-uagb-advanced-heading uagb-block-2ad940fc\"><h2 class=\"uagb-heading-text\">Download: 5 Tipps f\u00fcr Ihre Einrichtung<\/h2><p class=\"uagb-desc-text\">Melden Sie sich jetzt f\u00fcr unseren Newsletter an und laden Sie Ihren Ratgeber zur Gestaltung von Ferienwohnungen (und viele weitere Ratgeber und Vorlagen) direkt herunter.<br><br>Sie sind bereits Kunde von Traum-Ferienwohnungen? Dann gelangen Sie \u00fcber diesen Link direkt zur Checkliste: <a href=\"https:\/\/www.traum-ferienwohnungen.de\/vermieterbereich\/aktuelles\/369\/\" target=\"_blank\" rel=\"noreferrer noopener\">Ferienwohnung gestalten \u2013 5 Einrichtungstipps<\/a><\/p><\/div>\n\n\n<div role=\"form\" class=\"wpcf7\" id=\"wpcf7-f3284-o1\" lang=\"de-DE\" dir=\"ltr\">\n<div class=\"screen-reader-response\"><p role=\"status\" aria-live=\"polite\" aria-atomic=\"true\"><\/p> <ul><\/ul><\/div>\n<form action=\"\/vermieter-magazin\/wp-json\/wp\/v2\/posts\/4520#wpcf7-f3284-o1\" method=\"post\" class=\"wpcf7-form init tfw-form demo\" novalidate=\"novalidate\" data-status=\"init\">\n<div style=\"display: none;\">\n<input type=\"hidden\" name=\"_wpcf7\" value=\"3284\" \/>\n<input type=\"hidden\" name=\"_wpcf7_version\" value=\"5.4.2\" \/>\n<input type=\"hidden\" name=\"_wpcf7_locale\" value=\"de_DE\" \/>\n<input type=\"hidden\" name=\"_wpcf7_unit_tag\" value=\"wpcf7-f3284-o1\" \/>\n<input type=\"hidden\" name=\"_wpcf7_container_post\" value=\"0\" \/>\n<input type=\"hidden\" name=\"_wpcf7_posted_data_hash\" value=\"\" \/>\n<\/div>\n<div id=\"subscription-form\">\n<div class=\"form-row\" hidden>\n<div class=\"form-input\">\n    <input type=\"hidden\" name=\"key\" id=\"key\" value=\"miniblog-ratgeber-homestaging\">\n  <\/div>\n<\/div>\n<div class=\"form-row\" hidden>\n<div class=\"form-input\">\n    <input type=\"hidden\" name=\"event\" id=\"event\" value=\"lead\">\n  <\/div>\n<\/div>\n<div class=\"form-row\">\n<div class=\"form-input subscription-salutation subscription-form-field\">\n    <label for=\"salutation \">Anrede<\/label><br \/>\n    <span class=\"wpcf7-form-control-wrap salutation\"><select name=\"salutation\" class=\"wpcf7-form-control wpcf7-select wpcf7-validates-as-required\" id=\"salutation\" aria-required=\"true\" aria-invalid=\"false\"><option value=\"\">Bitte w\u00e4hlen...<\/option><option value=\"mr.\">Herr<\/option><option value=\"ms.\">Frau<\/option><option value=\"family\">Familie<\/option><\/select><\/span>\n  <\/div>\n<\/div>\n<div class=\"form-row\">\n<div class=\"form-input subscription-form-field\">\n    <label for=\"firstname\">Vorname<\/label><br \/>\n    <span class=\"wpcf7-form-control-wrap firstname\"><input type=\"text\" name=\"firstname\" value=\"\" size=\"40\" minlength=\"2\" class=\"wpcf7-form-control wpcf7-text wpcf7-validates-as-required\" id=\"firstname\" aria-required=\"true\" aria-invalid=\"false\" \/><\/span>\n  <\/div>\n<div class=\"form-input subscription-form-field\">\n    <label for=\"lastname\">Nachname<\/label><br \/>\n    <span class=\"wpcf7-form-control-wrap lastname\"><input type=\"text\" name=\"lastname\" value=\"\" size=\"40\" minlength=\"2\" class=\"wpcf7-form-control wpcf7-text wpcf7-validates-as-required\" id=\"lastname\" aria-required=\"true\" aria-invalid=\"false\" \/><\/span>\n  <\/div>\n<\/div>\n<div class=\"form-row\">\n<div class=\"form-input subscription-email subscription-form-field\">\n    <label for=\"email\">E-Mail-Adresse<\/label><br \/>\n    <span class=\"wpcf7-form-control-wrap email\"><input type=\"email\" name=\"email\" value=\"\" size=\"40\" class=\"wpcf7-form-control wpcf7-text wpcf7-email wpcf7-validates-as-required wpcf7-validates-as-email\" id=\"email\" aria-required=\"true\" aria-invalid=\"false\" \/><\/span>\n  <\/div>\n<\/div>\n<div class=\"form-row last\">\n<div class=\"form-input subscription-consent-text\">\n    <span class=\"wpcf7-form-control-wrap newsletter-consent\"><span class=\"wpcf7-form-control wpcf7-acceptance\"><span class=\"wpcf7-list-item\"><label><input type=\"checkbox\" name=\"newsletter-consent\" value=\"1\" aria-invalid=\"false\" \/><span class=\"wpcf7-list-item-label\">Ich m\u00f6chte von Traum-Ferienwohnungen regelm\u00e4\u00dfig per E-Mail exklusive und personalisierte Informationen und Angebote erhalten. Die Abmeldung ist jederzeit m\u00f6glich. Weitere Informationen dazu finde ich in der <a target=\"_blank\" href=\"https:\/\/www.traum-ferienwohnungen.de\/richtlinien\/datenschutz\/\">Datenschutzhinweisen<\/a>.<\/span><\/label><\/span><\/span><\/span>\n  <\/div>\n<\/div>\n<div class=\"form-input\">\n  <input type=\"submit\" value=\"Anmelden\" class=\"wpcf7-form-control wpcf7-submit tfw-button tfw-button--yellow tfw-button--subscription-button\" \/>\n<\/div>\n<div class=\"tfw-form-error-wrap\" hidden>\n<p class=\"tfw-form-error\">\n<\/div>\n<\/div>\n<div id=\"subscription-form-success\" class=\"subscription-form-success\">\n<div class=\"subscription-success-heading\">\n  Anmeldung erfolgreich!\n <\/div>\n<div class=\"subscription-success-description\">\n  Sie erhalten in K\u00fcrze eine E-Mail von uns.\n <\/div>\n<\/div>\n<div class=\"wpcf7-response-output\" aria-hidden=\"true\"><\/div><\/form><\/div>\n<\/div><\/section>\n\n\n\n<section class=\"wp-block-uagb-section uagb-section__wrap uagb-section__background-undefined uagb-block-ef9367b8\"><div class=\"uagb-section__overlay\"><\/div><div class=\"uagb-section__inner-wrap\"><\/div><\/section>\n\n\n\n<section class=\"wp-block-uagb-section uagb-section__wrap uagb-section__background-undefined uagb-block-ec742aff\"><div class=\"uagb-section__overlay\"><\/div><div class=\"uagb-section__inner-wrap\">\n<h2>Diese Artikel k\u00f6nnten Sie auch interessieren:<\/h2>\n\n\n<div  class=\"wp-block-cgb-related-articles-tfw-blocks\"><div class=\"tfw-card related-post\">\n\t\t\t\t\t<h3>Italy\u2019s CIN Rule<\/h3>\n\t\t\t\t\t<a href=\"https:\/\/www.traum-ferienwohnungen.de\/vermieter-magazin\/understanding-cin-a-guide-for-property-owners-in-italy\/\" rel=\"bookmark\">\n\t\t\t\t\t\t<figure> \n\t\t\t\t\t\t<img width=\"1000\" height=\"500\" src=\"https:\/\/www.traum-ferienwohnungen.de\/vermieter-magazin\/wp-content\/uploads\/2024\/12\/Why-What-is.png\" class=\"attachment-post-thumbnail size-post-thumbnail wp-post-image\" alt=\"\" loading=\"lazy\" srcset=\"https:\/\/www.traum-ferienwohnungen.de\/vermieter-magazin\/wp-content\/uploads\/2024\/12\/Why-What-is.png 1000w, https:\/\/www.traum-ferienwohnungen.de\/vermieter-magazin\/wp-content\/uploads\/2024\/12\/Why-What-is-300x150.png 300w, https:\/\/www.traum-ferienwohnungen.de\/vermieter-magazin\/wp-content\/uploads\/2024\/12\/Why-What-is-768x384.png 768w\" sizes=\"(max-width: 1000px) 100vw, 1000px\" \/>\n\t\t\t\t\t\t<\/figure>\n\t\t\t\t\t<\/a>\n\t\t\t\t\t<p>&#8222;Starting January 1, 2025, all short-term rentals in Italy require a CIN (Codice Identificativo Nazionale). Find out how to obtain your CIN, display it properly, and avoid penalties. \n\t\t\t\t\t<a href=\"https:\/\/www.traum-ferienwohnungen.de\/vermieter-magazin\/understanding-cin-a-guide-for-property-owners-in-italy\/\" rel=\"bookmark\"> Stay compliant with this essential regulation for Italian short-term rentals. <\/a>\n\t\t\t\t\t<\/p>\n\t\t\t\t<\/div><div class=\"tfw-card related-post\">\n\t\t\t\t\t<h3>Willkommen Winter! Vorbereitung des Ferienhauses<\/h3>\n\t\t\t\t\t<a href=\"https:\/\/www.traum-ferienwohnungen.de\/vermieter-magazin\/ferienhaus-fur-den-winter-vorzubereiten\/\" rel=\"bookmark\">\n\t\t\t\t\t\t<figure> \n\t\t\t\t\t\t<img width=\"1274\" height=\"751\" src=\"https:\/\/www.traum-ferienwohnungen.de\/vermieter-magazin\/wp-content\/uploads\/2023\/12\/3shutterstock_763093549-4.jpg\" class=\"attachment-post-thumbnail size-post-thumbnail wp-post-image\" alt=\"\" loading=\"lazy\" srcset=\"https:\/\/www.traum-ferienwohnungen.de\/vermieter-magazin\/wp-content\/uploads\/2023\/12\/3shutterstock_763093549-4.jpg 1274w, https:\/\/www.traum-ferienwohnungen.de\/vermieter-magazin\/wp-content\/uploads\/2023\/12\/3shutterstock_763093549-4-300x177.jpg 300w, https:\/\/www.traum-ferienwohnungen.de\/vermieter-magazin\/wp-content\/uploads\/2023\/12\/3shutterstock_763093549-4-1024x604.jpg 1024w, https:\/\/www.traum-ferienwohnungen.de\/vermieter-magazin\/wp-content\/uploads\/2023\/12\/3shutterstock_763093549-4-768x453.jpg 768w\" sizes=\"(max-width: 1274px) 100vw, 1274px\" \/>\n\t\t\t\t\t\t<\/figure>\n\t\t\t\t\t<\/a>\n\t\t\t\t\t<p>Winter kann ein unangenehmer Gast sein, aber mit Planung und Weitsicht kann Ihr Ferienhaus f\u00fcr den Winter der K\u00e4lte trotzen. Dieser Leitfaden weist den Weg. \n\t\t\t\t\t<a href=\"https:\/\/www.traum-ferienwohnungen.de\/vermieter-magazin\/ferienhaus-fur-den-winter-vorzubereiten\/\" rel=\"bookmark\"> Sind Sie bereit, Ihr Ferienhaus in einen Ort der Winterfreude zu verwandeln? Fangen wir an! <\/a>\n\t\t\t\t\t<\/p>\n\t\t\t\t<\/div><div class=\"tfw-card related-post\">\n\t\t\t\t\t<h3>Doppelbuchungen: Vermeidung und L\u00f6sung<\/h3>\n\t\t\t\t\t<a href=\"https:\/\/www.traum-ferienwohnungen.de\/vermieter-magazin\/doppelbuchungen\/\" rel=\"bookmark\">\n\t\t\t\t\t\t<figure> \n\t\t\t\t\t\t<img width=\"600\" height=\"400\" src=\"https:\/\/www.traum-ferienwohnungen.de\/vermieter-magazin\/wp-content\/uploads\/2023\/01\/ferienunterkunft-preise-kalkulieren-check.jpg\" class=\"attachment-post-thumbnail size-post-thumbnail wp-post-image\" alt=\"Paar, das mit Unterlagen vor einem Laptop sitzt und Mietpreise kalkuliert bzw. \u00fcberpr\u00fcft\" loading=\"lazy\" srcset=\"https:\/\/www.traum-ferienwohnungen.de\/vermieter-magazin\/wp-content\/uploads\/2023\/01\/ferienunterkunft-preise-kalkulieren-check.jpg 600w, https:\/\/www.traum-ferienwohnungen.de\/vermieter-magazin\/wp-content\/uploads\/2023\/01\/ferienunterkunft-preise-kalkulieren-check-300x200.jpg 300w\" sizes=\"(max-width: 600px) 100vw, 600px\" \/>\n\t\t\t\t\t\t<\/figure>\n\t\t\t\t\t<\/a>\n\t\t\t\t\t<p>In diesem Text werden die negativen Folgen von Doppelbuchungen, die m\u00f6glichen Gr\u00fcnde, L\u00f6sungen und Ma\u00dfnahmen zu ihrer Vermeidung erl\u00e4utert. \n\t\t\t\t\t<a href=\"https:\/\/www.traum-ferienwohnungen.de\/vermieter-magazin\/doppelbuchungen\/\" rel=\"bookmark\"> Also, lasst uns etwas dar\u00fcber lernen! <\/a>\n\t\t\t\t\t<\/p>\n\t\t\t\t<\/div><\/div><\/div><\/section>\n","protected":false},"excerpt":{"rendered":"","protected":false},"author":15,"featured_media":4562,"comment_status":"open","ping_status":"open","sticky":false,"template":"","format":"standard","meta":[],"categories":[1,5],"tags":[],"yoast_head":"<!-- This site is optimized with the Yoast SEO plugin v16.7 - https:\/\/yoast.com\/wordpress\/plugins\/seo\/ -->\n<title>So richten Sie Ihre Ferienwohnung Schritt f\u00fcr Schritt richtig ein<\/title>\n<meta name=\"description\" content=\"Die richtige Einrichtung f\u00fcr eine Ferienwohnung ist der Schl\u00fcssel zur erfolgreichen Vermietung. Wir zeigen Ihnen, was G\u00e4ste begeistert\" \/>\n<meta name=\"robots\" content=\"index, follow, max-snippet:-1, max-image-preview:large, max-video-preview:-1\" \/>\n<link rel=\"canonical\" href=\"https:\/\/www.traum-ferienwohnungen.de\/vermieter-magazin\/ferienwohnung-optimal-einrichten\/\" \/>\n<meta property=\"og:locale\" content=\"de_DE\" \/>\n<meta property=\"og:type\" content=\"article\" \/>\n<meta property=\"og:title\" content=\"So richten Sie Ihre Ferienwohnung Schritt f\u00fcr Schritt richtig ein\" \/>\n<meta property=\"og:description\" content=\"Die richtige Einrichtung f\u00fcr eine Ferienwohnung ist der Schl\u00fcssel zur erfolgreichen Vermietung. Wir zeigen Ihnen, was G\u00e4ste begeistert\" \/>\n<meta property=\"og:url\" content=\"https:\/\/www.traum-ferienwohnungen.de\/vermieter-magazin\/ferienwohnung-optimal-einrichten\/\" \/>\n<meta property=\"og:site_name\" content=\"Vermieter Magazin\" \/>\n<meta property=\"article:published_time\" content=\"2022-02-10T07:52:21+00:00\" \/>\n<meta property=\"article:modified_time\" content=\"2023-03-14T13:28:54+00:00\" \/>\n<meta property=\"og:image\" content=\"https:\/\/www.traum-ferienwohnungen.de\/vermieter-magazin\/wp-content\/uploads\/2022\/02\/ferienwohnung-richtig-einrichten.jpg\" \/>\n\t<meta property=\"og:image:width\" content=\"1440\" \/>\n\t<meta property=\"og:image:height\" content=\"440\" \/>\n<meta name=\"twitter:card\" content=\"summary_large_image\" \/>\n<meta name=\"twitter:label1\" content=\"Verfasst von\" \/>\n\t<meta name=\"twitter:data1\" content=\"Carina Hartmann\" \/>\n\t<meta name=\"twitter:label2\" content=\"Gesch\u00e4tzte Lesezeit\" \/>\n\t<meta name=\"twitter:data2\" content=\"18\u00a0Minuten\" \/>\n<script type=\"application\/ld+json\" class=\"yoast-schema-graph\">{\"@context\":\"https:\/\/schema.org\",\"@graph\":[{\"@type\":\"WebSite\",\"@id\":\"https:\/\/www.traum-ferienwohnungen.de\/vermieter-magazin\/#website\",\"url\":\"https:\/\/www.traum-ferienwohnungen.de\/vermieter-magazin\/\",\"name\":\"Vermieter Magazin\",\"description\":\"\",\"potentialAction\":[{\"@type\":\"SearchAction\",\"target\":{\"@type\":\"EntryPoint\",\"urlTemplate\":\"https:\/\/www.traum-ferienwohnungen.de\/vermieter-magazin\/?s={search_term_string}\"},\"query-input\":\"required name=search_term_string\"}],\"inLanguage\":\"de\"},{\"@type\":\"ImageObject\",\"@id\":\"https:\/\/www.traum-ferienwohnungen.de\/vermieter-magazin\/ferienwohnung-optimal-einrichten\/#primaryimage\",\"inLanguage\":\"de\",\"url\":\"https:\/\/www.traum-ferienwohnungen.de\/vermieter-magazin\/wp-content\/uploads\/2022\/02\/ferienwohnung-richtig-einrichten.jpg\",\"contentUrl\":\"https:\/\/www.traum-ferienwohnungen.de\/vermieter-magazin\/wp-content\/uploads\/2022\/02\/ferienwohnung-richtig-einrichten.jpg\",\"width\":1440,\"height\":440,\"caption\":\"Illustration von Wohnzimmereinrichtung auf rosa Hintergrund\"},{\"@type\":\"WebPage\",\"@id\":\"https:\/\/www.traum-ferienwohnungen.de\/vermieter-magazin\/ferienwohnung-optimal-einrichten\/#webpage\",\"url\":\"https:\/\/www.traum-ferienwohnungen.de\/vermieter-magazin\/ferienwohnung-optimal-einrichten\/\",\"name\":\"So richten Sie Ihre Ferienwohnung Schritt f\\u00fcr Schritt richtig ein\",\"isPartOf\":{\"@id\":\"https:\/\/www.traum-ferienwohnungen.de\/vermieter-magazin\/#website\"},\"primaryImageOfPage\":{\"@id\":\"https:\/\/www.traum-ferienwohnungen.de\/vermieter-magazin\/ferienwohnung-optimal-einrichten\/#primaryimage\"},\"datePublished\":\"2022-02-10T07:52:21+00:00\",\"dateModified\":\"2023-03-14T13:28:54+00:00\",\"author\":{\"@id\":\"https:\/\/www.traum-ferienwohnungen.de\/vermieter-magazin\/#\/schema\/person\/883103078218cd7e12911ce0e653d274\"},\"description\":\"Die richtige Einrichtung f\\u00fcr eine Ferienwohnung ist der Schl\\u00fcssel zur erfolgreichen Vermietung. Wir zeigen Ihnen, was G\\u00e4ste begeistert\",\"breadcrumb\":{\"@id\":\"https:\/\/www.traum-ferienwohnungen.de\/vermieter-magazin\/ferienwohnung-optimal-einrichten\/#breadcrumb\"},\"inLanguage\":\"de\",\"potentialAction\":[{\"@type\":\"ReadAction\",\"target\":[\"https:\/\/www.traum-ferienwohnungen.de\/vermieter-magazin\/ferienwohnung-optimal-einrichten\/\"]}]},{\"@type\":\"BreadcrumbList\",\"@id\":\"https:\/\/www.traum-ferienwohnungen.de\/vermieter-magazin\/ferienwohnung-optimal-einrichten\/#breadcrumb\",\"itemListElement\":[{\"@type\":\"ListItem\",\"position\":1,\"name\":\"Startseite\",\"item\":\"https:\/\/www.traum-ferienwohnungen.de\/vermieter-magazin\/\"},{\"@type\":\"ListItem\",\"position\":2,\"name\":\"Ferienwohnungen richtig einrichten &#8211; So gestalten Sie Ihre Unterkunft Schritt f\\u00fcr Schritt\"}]},{\"@type\":\"Person\",\"@id\":\"https:\/\/www.traum-ferienwohnungen.de\/vermieter-magazin\/#\/schema\/person\/883103078218cd7e12911ce0e653d274\",\"name\":\"Carina Hartmann\",\"image\":{\"@type\":\"ImageObject\",\"@id\":\"https:\/\/www.traum-ferienwohnungen.de\/vermieter-magazin\/#personlogo\",\"inLanguage\":\"de\",\"url\":\"https:\/\/secure.gravatar.com\/avatar\/9fc7f8e1646c381c034dd6f9fce5e1d2?s=96&d=mm&r=g\",\"contentUrl\":\"https:\/\/secure.gravatar.com\/avatar\/9fc7f8e1646c381c034dd6f9fce5e1d2?s=96&d=mm&r=g\",\"caption\":\"Carina Hartmann\"},\"url\":\"https:\/\/www.traum-ferienwohnungen.de\/vermieter-magazin\/author\/carina\/\"}]}<\/script>\n<!-- \/ Yoast SEO plugin. -->","yoast_head_json":{"title":"So richten Sie Ihre Ferienwohnung Schritt f\u00fcr Schritt richtig ein","description":"Die richtige Einrichtung f\u00fcr eine Ferienwohnung ist der Schl\u00fcssel zur erfolgreichen Vermietung. Wir zeigen Ihnen, was G\u00e4ste begeistert","robots":{"index":"index","follow":"follow","max-snippet":"max-snippet:-1","max-image-preview":"max-image-preview:large","max-video-preview":"max-video-preview:-1"},"canonical":"https:\/\/www.traum-ferienwohnungen.de\/vermieter-magazin\/ferienwohnung-optimal-einrichten\/","og_locale":"de_DE","og_type":"article","og_title":"So richten Sie Ihre Ferienwohnung Schritt f\u00fcr Schritt richtig ein","og_description":"Die richtige Einrichtung f\u00fcr eine Ferienwohnung ist der Schl\u00fcssel zur erfolgreichen Vermietung. Wir zeigen Ihnen, was G\u00e4ste begeistert","og_url":"https:\/\/www.traum-ferienwohnungen.de\/vermieter-magazin\/ferienwohnung-optimal-einrichten\/","og_site_name":"Vermieter Magazin","article_published_time":"2022-02-10T07:52:21+00:00","article_modified_time":"2023-03-14T13:28:54+00:00","og_image":[{"width":1440,"height":440,"url":"https:\/\/www.traum-ferienwohnungen.de\/vermieter-magazin\/wp-content\/uploads\/2022\/02\/ferienwohnung-richtig-einrichten.jpg","path":"\/var\/www\/html\/wp-content\/uploads\/2022\/02\/ferienwohnung-richtig-einrichten.jpg","size":"full","id":4562,"alt":"Illustration von Wohnzimmereinrichtung auf rosa Hintergrund","pixels":633600,"type":"image\/jpeg"}],"twitter_card":"summary_large_image","twitter_misc":{"Verfasst von":"Carina Hartmann","Gesch\u00e4tzte Lesezeit":"18\u00a0Minuten"},"schema":{"@context":"https:\/\/schema.org","@graph":[{"@type":"WebSite","@id":"https:\/\/www.traum-ferienwohnungen.de\/vermieter-magazin\/#website","url":"https:\/\/www.traum-ferienwohnungen.de\/vermieter-magazin\/","name":"Vermieter Magazin","description":"","potentialAction":[{"@type":"SearchAction","target":{"@type":"EntryPoint","urlTemplate":"https:\/\/www.traum-ferienwohnungen.de\/vermieter-magazin\/?s={search_term_string}"},"query-input":"required name=search_term_string"}],"inLanguage":"de"},{"@type":"ImageObject","@id":"https:\/\/www.traum-ferienwohnungen.de\/vermieter-magazin\/ferienwohnung-optimal-einrichten\/#primaryimage","inLanguage":"de","url":"https:\/\/www.traum-ferienwohnungen.de\/vermieter-magazin\/wp-content\/uploads\/2022\/02\/ferienwohnung-richtig-einrichten.jpg","contentUrl":"https:\/\/www.traum-ferienwohnungen.de\/vermieter-magazin\/wp-content\/uploads\/2022\/02\/ferienwohnung-richtig-einrichten.jpg","width":1440,"height":440,"caption":"Illustration von Wohnzimmereinrichtung auf rosa Hintergrund"},{"@type":"WebPage","@id":"https:\/\/www.traum-ferienwohnungen.de\/vermieter-magazin\/ferienwohnung-optimal-einrichten\/#webpage","url":"https:\/\/www.traum-ferienwohnungen.de\/vermieter-magazin\/ferienwohnung-optimal-einrichten\/","name":"So richten Sie Ihre Ferienwohnung Schritt f\u00fcr Schritt richtig ein","isPartOf":{"@id":"https:\/\/www.traum-ferienwohnungen.de\/vermieter-magazin\/#website"},"primaryImageOfPage":{"@id":"https:\/\/www.traum-ferienwohnungen.de\/vermieter-magazin\/ferienwohnung-optimal-einrichten\/#primaryimage"},"datePublished":"2022-02-10T07:52:21+00:00","dateModified":"2023-03-14T13:28:54+00:00","author":{"@id":"https:\/\/www.traum-ferienwohnungen.de\/vermieter-magazin\/#\/schema\/person\/883103078218cd7e12911ce0e653d274"},"description":"Die richtige Einrichtung f\u00fcr eine Ferienwohnung ist der Schl\u00fcssel zur erfolgreichen Vermietung. Wir zeigen Ihnen, was G\u00e4ste begeistert","breadcrumb":{"@id":"https:\/\/www.traum-ferienwohnungen.de\/vermieter-magazin\/ferienwohnung-optimal-einrichten\/#breadcrumb"},"inLanguage":"de","potentialAction":[{"@type":"ReadAction","target":["https:\/\/www.traum-ferienwohnungen.de\/vermieter-magazin\/ferienwohnung-optimal-einrichten\/"]}]},{"@type":"BreadcrumbList","@id":"https:\/\/www.traum-ferienwohnungen.de\/vermieter-magazin\/ferienwohnung-optimal-einrichten\/#breadcrumb","itemListElement":[{"@type":"ListItem","position":1,"name":"Startseite","item":"https:\/\/www.traum-ferienwohnungen.de\/vermieter-magazin\/"},{"@type":"ListItem","position":2,"name":"Ferienwohnungen richtig einrichten &#8211; So gestalten Sie Ihre Unterkunft Schritt f\u00fcr Schritt"}]},{"@type":"Person","@id":"https:\/\/www.traum-ferienwohnungen.de\/vermieter-magazin\/#\/schema\/person\/883103078218cd7e12911ce0e653d274","name":"Carina Hartmann","image":{"@type":"ImageObject","@id":"https:\/\/www.traum-ferienwohnungen.de\/vermieter-magazin\/#personlogo","inLanguage":"de","url":"https:\/\/secure.gravatar.com\/avatar\/9fc7f8e1646c381c034dd6f9fce5e1d2?s=96&d=mm&r=g","contentUrl":"https:\/\/secure.gravatar.com\/avatar\/9fc7f8e1646c381c034dd6f9fce5e1d2?s=96&d=mm&r=g","caption":"Carina Hartmann"},"url":"https:\/\/www.traum-ferienwohnungen.de\/vermieter-magazin\/author\/carina\/"}]}},"uagb_featured_image_src":{"full":["https:\/\/www.traum-ferienwohnungen.de\/vermieter-magazin\/wp-content\/uploads\/2022\/02\/ferienwohnung-richtig-einrichten.jpg",1440,440,false],"thumbnail":["https:\/\/www.traum-ferienwohnungen.de\/vermieter-magazin\/wp-content\/uploads\/2022\/02\/ferienwohnung-richtig-einrichten-150x150.jpg",150,150,true],"medium":["https:\/\/www.traum-ferienwohnungen.de\/vermieter-magazin\/wp-content\/uploads\/2022\/02\/ferienwohnung-richtig-einrichten-300x92.jpg",300,92,true],"medium_large":["https:\/\/www.traum-ferienwohnungen.de\/vermieter-magazin\/wp-content\/uploads\/2022\/02\/ferienwohnung-richtig-einrichten-768x235.jpg",768,235,true],"large":["https:\/\/www.traum-ferienwohnungen.de\/vermieter-magazin\/wp-content\/uploads\/2022\/02\/ferienwohnung-richtig-einrichten-1024x313.jpg",1024,313,true],"1536x1536":["https:\/\/www.traum-ferienwohnungen.de\/vermieter-magazin\/wp-content\/uploads\/2022\/02\/ferienwohnung-richtig-einrichten.jpg",1440,440,false],"2048x2048":["https:\/\/www.traum-ferienwohnungen.de\/vermieter-magazin\/wp-content\/uploads\/2022\/02\/ferienwohnung-richtig-einrichten.jpg",1440,440,false]},"uagb_author_info":{"display_name":"Carina Hartmann","author_link":"https:\/\/www.traum-ferienwohnungen.de\/vermieter-magazin\/author\/carina\/"},"uagb_comment_info":18,"uagb_excerpt":null,"_links":{"self":[{"href":"https:\/\/www.traum-ferienwohnungen.de\/vermieter-magazin\/wp-json\/wp\/v2\/posts\/4520"}],"collection":[{"href":"https:\/\/www.traum-ferienwohnungen.de\/vermieter-magazin\/wp-json\/wp\/v2\/posts"}],"about":[{"href":"https:\/\/www.traum-ferienwohnungen.de\/vermieter-magazin\/wp-json\/wp\/v2\/types\/post"}],"author":[{"embeddable":true,"href":"https:\/\/www.traum-ferienwohnungen.de\/vermieter-magazin\/wp-json\/wp\/v2\/users\/15"}],"replies":[{"embeddable":true,"href":"https:\/\/www.traum-ferienwohnungen.de\/vermieter-magazin\/wp-json\/wp\/v2\/comments?post=4520"}],"version-history":[{"count":49,"href":"https:\/\/www.traum-ferienwohnungen.de\/vermieter-magazin\/wp-json\/wp\/v2\/posts\/4520\/revisions"}],"predecessor-version":[{"id":7724,"href":"https:\/\/www.traum-ferienwohnungen.de\/vermieter-magazin\/wp-json\/wp\/v2\/posts\/4520\/revisions\/7724"}],"wp:featuredmedia":[{"embeddable":true,"href":"https:\/\/www.traum-ferienwohnungen.de\/vermieter-magazin\/wp-json\/wp\/v2\/media\/4562"}],"wp:attachment":[{"href":"https:\/\/www.traum-ferienwohnungen.de\/vermieter-magazin\/wp-json\/wp\/v2\/media?parent=4520"}],"wp:term":[{"taxonomy":"category","embeddable":true,"href":"https:\/\/www.traum-ferienwohnungen.de\/vermieter-magazin\/wp-json\/wp\/v2\/categories?post=4520"},{"taxonomy":"post_tag","embeddable":true,"href":"https:\/\/www.traum-ferienwohnungen.de\/vermieter-magazin\/wp-json\/wp\/v2\/tags?post=4520"}],"curies":[{"name":"wp","href":"https:\/\/api.w.org\/{rel}","templated":true}]}}